{"id":20912,"date":"2020-05-06T00:00:00","date_gmt":"2020-05-06T00:00:00","guid":{"rendered":"https:\/\/www.guidaeuroprogettazione.eu\/70-jahre-europa-machen-wir-ein-webinar\/"},"modified":"2025-01-10T16:27:47","modified_gmt":"2025-01-10T16:27:47","slug":"70-jahre-europa-machen-wir-ein-webinar","status":"publish","type":"post","link":"https:\/\/euknow.it\/de\/70-jahre-europa-machen-wir-ein-webinar\/","title":{"rendered":"70 Jahre Europa: Machen wir ein Webinar!"},"content":{"rendered":"\n<p>Wie Sie sicher wissen, wird <a href=\"https:\/\/europa.eu\/european-union\/about-eu\/symbols\/europe-day_it\" target=\"_blank\" rel=\"noopener\">Europa<\/a> in wenigen Tagen ein Fest feiern: Der <strong>9. Mai<\/strong> ist jedes Jahr der <a href=\"https:\/\/europa.eu\/european-union\/about-eu\/symbols\/europe-day_it\" target=\"_blank\" rel=\"noopener\">Europatag<\/a>, in Erinnerung an den 9. Mai 1950, als der <strong>franz\u00f6sische Au\u00dfenminister Robert Schuman<\/strong> <a href=\"https:\/\/europa.eu\/european-union\/about-eu\/symbols\/europe-day\/schuman-declaration_it\" target=\"_blank\" rel=\"noopener\">eine ber\u00fchmte Erkl\u00e4rung<\/a> abgab, in der er die Schaffung des europ\u00e4ischen Projekts ank\u00fcndigte.<\/p>\n\n<p>Viele der Elemente dieser Erkl\u00e4rung sind nach wie vor von brennender Aktualit\u00e4t: Nur <strong>ein vereintes, friedliches und geeintes Europa<\/strong> ist in der Lage, auf die gro\u00dfen globalen Herausforderungen zu reagieren und einen Beitrag zu leisten, vor siebzig Jahren wie heute.<\/p>\n\n<p><!--more--><\/p>\n\n<p>Ja, siebzig Jahre sind bereits vergangen: Das Datum 9. Mai 2020 ist daher doppelt bedeutsam, denn es markiert das Ende eines Jahrzehnts, zu einer Zeit, in der die oben genannten globalen Herausforderungen besonders deutlich werden.<\/p>\n\n<p>Wir m\u00f6chten zun\u00e4chst einen einzigen Satz aus der <strong>Schuman-Erkl\u00e4rung<\/strong> zitieren, einen der vielen besonders bedeutsamen S\u00e4tze aus seiner sehr kurzen, aber historischen Rede:<\/p>\n\n<blockquote class=\"wp-block-quote is-layout-flow wp-block-quote-is-layout-flow\">\n<p><strong>\"Europa kann nicht auf einmal geschaffen werden, und es wird auch nicht auf einmal aufgebaut werden; es wird sich aus konkreten Realisierungen ergeben, die zun\u00e4chst eine faktische Solidarit\u00e4t schaffen.\"<\/strong><\/p>\n<cite>Robert Schuman<\/cite><\/blockquote>\n\n<p>\u00a0<\/p>\n\n<p>Die Situation in Europa und auf der ganzen Welt, die durch die Auswirkungen des <a href=\"\/?tag=coronavirus\">Coronavirus<\/a> auf unser Leben und unsere L\u00e4nder gekennzeichnet ist, eignet sich in diesem Jahr nicht f\u00fcr gro\u00dfe Feierlichkeiten.<\/p>\n\n<p>Die europ\u00e4ischen Institutionen m\u00f6chten diesen Tag jedoch dem Beitrag so vieler europ\u00e4ischer B\u00fcrgerinnen und B\u00fcrger im Kampf gegen den Notstand widmen, und zwar <a href=\"https:\/\/www.europarl.europa.eu\/europeans-against-covid19\/\" target=\"_blank\" rel=\"noopener\">durch eine Reihe leidenschaftlicher Zeugenaussagen<\/a>. Eine De-facto-Solidarit\u00e4t, ein Europa, das nach und nach, unter schwierigen Bedingungen und durch konkrete Errungenschaften aufgebaut wurde: Gibt es eine bessere Art, den 70. Jahrestag der <strong>Schuman-Erkl\u00e4rung<\/strong> heute zu feiern?<\/p>\n\n<p>Aber die Zeugnisse und konkreten Initiativen h\u00f6ren damit nicht auf.<\/p>\n\n<p><a href=\"https:\/\/ec.europa.eu\/italy\/\" target=\"_blank\" rel=\"noopener\">Die Website der Vertretung der Europ\u00e4ischen Kommission in Italien<\/a> widmet den Initiativen der Europ\u00e4ischen Union zur Bek\u00e4mpfung des Coronavirus breiten Raum, mit besonderem Augenmerk auf das, was f\u00fcr unser Gebiet erreicht worden ist.<\/p>\n\n<p>Die Website geh\u00f6rt nicht zu den Quellen, die wir bisher genannt haben<a href=\"https:\/\/euknow.it\/i-bandi-ue-al-tempo-del-covid\/\">(1<\/a> | <a href=\"https:\/\/euknow.it\/ue-emergenza-coronavirus-covid-19-2\/\">2<\/a> | <a href=\"https:\/\/euknow.it\/de\/wie-reagiert-die-europaeische-philanthropie-auf-den-coronavirus-notstand\/#more-3465\">3<\/a> | <a href=\"https:\/\/euknow.it\/in-che-modo-lunione-europea-sta-rispondendo-allemergenza-coronavirus\/\">4<\/a>), aber sie verf\u00fcgt \u00fcber einen <a href=\"https:\/\/ec.europa.eu\/italy\/news_it\" target=\"_blank\" rel=\"noopener\">Nachrichtenbereich,<\/a> der t\u00e4glich mit Informationen (unter anderem) \u00fcber den <strong>Kampf gegen Covid-19<\/strong> in unserem Land <a href=\"https:\/\/ec.europa.eu\/italy\/news_it\" target=\"_blank\" rel=\"noopener\">aktualisiert<\/a> wird. Wir k\u00f6nnen hier auf einige der Punkte zur\u00fcckkommen, die wir in unseren j\u00fcngsten Beitr\u00e4gen zu diesem Thema analysiert haben<a href=\"https:\/\/euknow.it\/i-bandi-ue-al-tempo-del-covid\/\">(1<\/a> | <a href=\"https:\/\/euknow.it\/ue-emergenza-coronavirus-covid-19-2\/\">2<\/a>).<\/p>\n\n<p>Anl\u00e4sslich des <strong>Europatages<\/strong> zeichnen die EU-Institutionen in Italien und die Abgeordneten des Europ\u00e4ischen Parlaments gemeinsam mit Studenten die Meilensteine in der Geschichte der Europ\u00e4ischen Union und die Arbeit der EU-Institutionen nach: n\u00e4her an den B\u00fcrgern, als man gemeinhin glaubt. Die Veranstaltung mit dem Titel \"<a href=\"https:\/\/ec.europa.eu\/italy\/events\/20200505_festa_dell_europa_live_chat_con_studenti_e_eurodeputati_a_70_anni_della_dichiarazione_schuman_it\" target=\"_blank\" rel=\"noopener\">Europa-Tag. Schulen in Italien, Wege in Europa\".<\/a>  wird <strong>morgen, am 7. Mai, um 11<\/strong> Uhr auf der digitalen Plattform von <a href=\"http:\/\/www.skuola.net\/tv\/\" target=\"_blank\" rel=\"noopener\">Skuola.Net<\/a> veranstaltet.<\/p>\n\n<p>Am folgenden Tag (Freitag, den 8. Mai um 11.30 Uhr) bietet das <a href=\"http:\/\/www.cittametropolitana.torino.it\/cms\/europa-e-cooperazione\/europe-direct\" target=\"_blank\" rel=\"noopener\">EuropeDirect Centre in Turin<\/a> einen Vortrag mit dem Titel<a href=\"https:\/\/unito.webex.com\/mw3300\/mywebex\/default.do?nomenu=true&amp;siteurl=unito&amp;service=6&amp;rnd=0.35853995239981984&amp;main_url=https%3A%2F%2Funito.webex.com%2Fec3300%2Feventcenter%2Fevent%2FeventAction.do%3FtheAction%3Ddetail%26%26%26EMK%3D4832534b000000049ab2ba85d70f4d36635949e549c5c653955a7d15adaa2f8250f40c105d681ca3%26siteurl%3Dunito%26confViewID%3D159766736442236860%26encryptTicket%3DSDJTSwAAAARjSsBthC_hMiQfnD9fWq7NYH2DT1AivJpQKo1pFYvJ7Q2%26\" target=\"_blank\" rel=\"noopener\">&#8218;Recovery Europe - no one can do it alone<\/a>&#8218; an, der in Zusammenarbeit mit der<strong>Universit\u00e4t Turin<\/strong> \u00fcber <strong>Webex <\/strong>organisiert wird.<\/p>\n\n<p>Es sprechen: <strong>Massimo Gaudina<\/strong> (Leiter der Vertretung der Europ\u00e4ischen Kommission in Mailand), <strong>Maurizio Molinari<\/strong> (Leiter der Vertretung des Europ\u00e4ischen Parlaments in Mailand) und <strong>Marco Zatterin<\/strong> (stellvertretender Herausgeber von La Stampa).<\/p>\n\n<p>Die Veranstaltung findet im Rahmen einer k\u00fcrzlich ver\u00f6ffentlichten Studie mit dem Titel \"<em>\n  <strong>Worte, um Europa zu verstehen<\/strong>\n<\/em>\": Weitere Termine und Aktualisierungen finden Sie auf der Website von <a href=\"http:\/\/www.cittametropolitana.torino.it\/cms\/europa-e-cooperazione\/europe-direct\" target=\"_blank\" rel=\"noopener\">EuropeDirect Torino<\/a>.<\/p>\n\n<p><a href=\"https:\/\/www.youtube.com\/watch?v=_YWNxmxF0UM\" target=\"_blank\" rel=\"noopener\">Der Vortrag von Massimo Gaudina \u00fcber die Reaktion der EU auf das Coronavirus<\/a> und die <a href=\"http:\/\/www.cittametropolitana.torino.it\/cms\/risorse\/europa\/dwd\/europe_direct\/RISPOSTA_UE_CORONAVIRUS_scuole.pdf\" target=\"_blank\" rel=\"noopener\">dazugeh\u00f6rigen Folien<\/a> sind bereits online verf\u00fcgbar.<\/p>\n\n<p><strong>Einen sch\u00f6nen Europatag f\u00fcr alle<\/strong>, im Namen der Solidarit\u00e4t und der Vertiefung!<\/p>\n","protected":false},"excerpt":{"rendered":"<p>Wie Sie sicher wissen, wird Europa in wenigen Tagen ein Fest feiern: Der 9. Mai ist jedes Jahr der Europatag, in Erinnerung an den 9. Mai 1950, als der franz\u00f6sische Au\u00dfenminister Robert Schuman eine ber\u00fchmte Erkl\u00e4rung abgab, in der er die Schaffung des europ\u00e4ischen Projekts ank\u00fcndigte. Viele der Elemente dieser Erkl\u00e4rung sind nach wie vor [&hellip;]<\/p>\n","protected":false},"author":3,"featured_media":30006,"comment_status":"open","ping_status":"open","sticky":false,"template":"","format":"standard","meta":{"_acf_changed":false,"inline_featured_image":false,"footnotes":""},"categories":[720],"tags":[],"class_list":["post-20912","post","type-post","status-publish","format-standard","has-post-thumbnail","hentry","category-archiv-archiv"],"acf":[],"_links":{"self":[{"href":"https:\/\/euknow.it\/de\/wp-json\/wp\/v2\/posts\/20912","targetHints":{"allow":["GET"]}}],"collection":[{"href":"https:\/\/euknow.it\/de\/wp-json\/wp\/v2\/posts"}],"about":[{"href":"https:\/\/euknow.it\/de\/wp-json\/wp\/v2\/types\/post"}],"author":[{"embeddable":true,"href":"https:\/\/euknow.it\/de\/wp-json\/wp\/v2\/users\/3"}],"replies":[{"embeddable":true,"href":"https:\/\/euknow.it\/de\/wp-json\/wp\/v2\/comments?post=20912"}],"version-history":[{"count":0,"href":"https:\/\/euknow.it\/de\/wp-json\/wp\/v2\/posts\/20912\/revisions"}],"wp:featuredmedia":[{"embeddable":true,"href":"https:\/\/euknow.it\/de\/wp-json\/wp\/v2\/media\/30006"}],"wp:attachment":[{"href":"https:\/\/euknow.it\/de\/wp-json\/wp\/v2\/media?parent=20912"}],"wp:term":[{"taxonomy":"category","embeddable":true,"href":"https:\/\/euknow.it\/de\/wp-json\/wp\/v2\/categories?post=20912"},{"taxonomy":"post_tag","embeddable":true,"href":"https:\/\/euknow.it\/de\/wp-json\/wp\/v2\/tags?post=20912"}],"curies":[{"name":"wp","href":"https:\/\/api.w.org\/{rel}","templated":true}]}}