{"id":20969,"date":"2020-05-13T00:00:00","date_gmt":"2020-05-13T00:00:00","guid":{"rendered":"https:\/\/www.guidaeuroprogettazione.eu\/antwort-auf-covid-19-gute-nachrichten-fuer-den-kreativsektor\/"},"modified":"2025-01-10T16:27:48","modified_gmt":"2025-01-10T16:27:48","slug":"antwort-auf-covid-19-gute-nachrichten-fuer-den-kreativsektor","status":"publish","type":"post","link":"https:\/\/euknow.it\/de\/antwort-auf-covid-19-gute-nachrichten-fuer-den-kreativsektor\/","title":{"rendered":"Antwort auf Covid-19: Gute Nachrichten f\u00fcr den Kreativsektor"},"content":{"rendered":"\n<p>Wir haben bereits mehrere Einblicke in die <a href=\"https:\/\/euknow.it\/ue-emergenza-coronavirus-covid-19-2\/#more-3489\">Ma\u00dfnahmen zur Krisenbew\u00e4ltigung<\/a> und die Reaktion der <a href=\"https:\/\/euknow.it\/i-bandi-ue-al-tempo-del-covid\/\">europ\u00e4ischen Projektwelt<\/a> auf die Krise gewidmet. Wie wir bereits erkl\u00e4rt haben, sind wir Zeugen intensiver Bem\u00fchungen seitens der EU-Institutionen, der Welt der <strong>Philanthropie<\/strong>, der<strong>Verb\u00e4nde<\/strong> und der Wirtschaft, um den<strong>Covid-19-Notstand<\/strong> zu bek\u00e4mpfen.<\/p>\n\n<p><!--more--><\/p>\n\n<p>All diese Akteure mobilisieren Kapazit\u00e4ten und Ressourcen in den Sektoren, die bei der Bek\u00e4mpfung von Covid-19 \"an vorderster Front\" stehen (Medizin, Wissenschaft, Gesundheit, Biotechnologie, IKT, Produktionsprozesse und Infrastruktur), sowie in den Sektoren, die als erste die wirtschaftlichen und sozialen Auswirkungen der Krise bestimmen k\u00f6nnen (Hilfe und Finanzierung f\u00fcr Unternehmen, soziale Absicherung und Unterst\u00fctzung).<\/p>\n\n<p><strong>In anderen Sektoren, die bei der Bek\u00e4mpfung der Krise eine wichtige Rolle spielen k\u00f6nnen und von der Krise besonders betroffen sind, fehlte es noch an einer ebenso starken und klaren Reaktion.Offensichtlich bewegen sich die Dinge jedoch schnell: Der Kultur- und Kreativsektor ist ein Beispiel daf\u00fcr.<\/strong><\/p>\n\n<p>In der Tat hat die Europ\u00e4ische Kommission die verheerenden wirtschaftlichen Auswirkungen des Coronavirus auf diese Sektoren erkannt und ist sich bewusst, dass es ohne ihren aktiven Beitrag zur Bek\u00e4mpfung und \u00dcberwindung der Krise keine wirkliche Erholung geben kann.<\/p>\n\n<p>Die <a href=\"https:\/\/ec.europa.eu\/culture\/news\/coronavirus-how-eu-responds-outbreak-support-cultural-and-creative-sectors_en\" target=\"_blank\" rel=\"noopener\">auf dieser Seite zusammengefassten<\/a> Initiativen und die mobilisierten Ressourcen sind sicherlich eine starke Antwort auf die Bed\u00fcrfnisse derjenigen, die in den Bereichen Kultur, Kunst und kreative Produktion arbeiten. Wir fassen sie hier zusammen.<\/p>\n\n<p><strong>Viel Spa\u00df beim Lesen&#8230; und hoffentlich folgen uns bald \u00e4hnliche Initiativen in anderen Bereichen!<\/strong><\/p>\n\n<p>Zun\u00e4chst einmal kann die M\u00f6glichkeit, die allgemeineren Formen der Unterst\u00fctzung, die wir bereits in einem unserer <a href=\"https:\/\/euknow.it\/i-bandi-ue-al-tempo-del-covid\/\">fr\u00fcheren Beitr\u00e4ge<\/a> vorgestellt haben, auch f\u00fcr Akteure im Kultur- und Kreativsektor gelten, n\u00e4mlich:<\/p>\n\n<ul class=\"wp-block-list\">\n<li>Das <strong>befristete F\u00f6rderkonzept<\/strong> besteht aus direkten Zusch\u00fcssen, Steuererleichterungen und Kreditb\u00fcrgschaften, die von den einzelnen L\u00e4ndern zur Verf\u00fcgung gestellt werden<a href=\"https:\/\/ec.europa.eu\/commission\/presscorner\/detail\/it\/IP_20_496\" target=\"_blank\" rel=\"noopener\">(1<\/a> | <a href=\"https:\/\/ec.europa.eu\/commission\/presscorner\/detail\/it\/IP_20_570\" target=\"_blank\" rel=\"noopener\">2<\/a>), sowie aus einem <a href=\"https:\/\/ec.europa.eu\/commission\/presscorner\/detail\/it\/QANDA_20_572\" target=\"_blank\" rel=\"noopener\">zus\u00e4tzlichen Instrument<\/a> (genannt<strong>&#8218;SURE<\/strong>&#8218;) zur Unterst\u00fctzung der Staaten bei der Durchf\u00fchrung von Ma\u00dfnahmen gegen die Arbeitslosigkeit;<\/li>\n<li>L&#8216;<strong>Investitionsinitiative als Reaktion auf Covid-19<\/strong>, die f\u00fcr eine gr\u00f6\u00dfere Verf\u00fcgbarkeit und Flexibilit\u00e4t bei der Nutzung von  <a href=\"https:\/\/ec.europa.eu\/regional_policy\/en\/newsroom\/coronavirus-response\/\" target=\"_blank\" rel=\"noopener\">Europ\u00e4ische Fonds<\/a> (Struktur- und Koh\u00e4sionsfonds) zur Bew\u00e4ltigung der Notlage auf nationaler und lokaler Ebene (<a href=\"https:\/\/ec.europa.eu\/commission\/presscorner\/detail\/it\/qanda_20_458\" target=\"_blank\" rel=\"noopener\">1<\/a> |  <a href=\"https:\/\/ec.europa.eu\/commission\/presscorner\/detail\/it\/qanda_20_574\" target=\"_blank\" rel=\"noopener\">2<\/a>) - insbesondere im Gesundheitssektor, bei der F\u00f6rderung von Besch\u00e4ftigung und kleinen und mittleren Unternehmen sowie bei der Milderung der sozialen und wirtschaftlichen Auswirkungen des Virus;<\/li>\n<li>Der <strong>Liquidit\u00e4tshilfefonds<\/strong> f\u00fcr kleine und mittlere Unternehmen <a href=\"https:\/\/ec.europa.eu\/commission\/presscorner\/detail\/en\/ip_20_569\" target=\"_blank\" rel=\"noopener\">, der<\/a> von der <strong>Europ\u00e4ischen Investitionsbank<\/strong> (EIB) und der <strong>Europ\u00e4ischen Kommission<\/strong> <a href=\"https:\/\/ec.europa.eu\/commission\/presscorner\/detail\/en\/ip_20_569\" target=\"_blank\" rel=\"noopener\">bereitgestellt wird<\/a>, wird durch einen <strong>Garantiefonds<\/strong> <a href=\"https:\/\/www.eib.org\/en\/about\/initiatives\/covid-19-response\/index.htm\" target=\"_blank\" rel=\"noopener\">erg\u00e4nzt<\/a>, der ebenfalls f\u00fcr kleine und mittlere Unternehmen bestimmt ist und durch die Partnerschaft zwischen der EIB und den EU-Institutionen gef\u00f6rdert wird.<\/li>\n<\/ul>\n\n<p><strong>Noch bedeutender in diesem speziellen Sektor sind die neuen Initiativen, die ausdr\u00fccklich den Akteuren der Kultur, der Kunst und der kreativen Produktion gewidmet sind:<\/strong><\/p>\n\n<ul class=\"wp-block-list\">\n<li>A <strong>\n  <a href=\"https:\/\/creativesunite.eu\/\" target=\"_blank\" rel=\"noopener\">neue Plattform, Creatives Unite<\/a>\n<\/strong>die als \"eine Plattform des Sektors f\u00fcr den Sektor\" konzipiert ist, bietet einen schnellen Zugang zu allem, was geschieht und was f\u00fcr die Akteure in diesen Sektoren als Reaktion oder als Chance in dieser Zeit der Krise von Interesse sein k\u00f6nnte. Darunter insbesondere:<\/li>\n<\/ul>\n\n<p>Organisationen und Initiativen | Geschichten und bew\u00e4hrte Praktiken | Forschung und Umfragen | Veranstaltungen | Unterst\u00fctzungsinitiativen | Werkzeuge und Ressourcen | Finanzierung | Kooperationsm\u00f6glichkeiten | Antwort der EU<\/p>\n\n<p>All dies ist in den verschiedenen Themenbereichen organisiert, die f\u00fcr die Akteure in der kulturellen, k\u00fcnstlerischen und kreativen Welt von Interesse sind:<\/p>\n\n<p>Alle kulturellen und kreativen Sektoren und Querschnittsaspekte | Kulturelles Erbe und Museen | Musik | Darstellende Kunst | Festivals | Bildende Kunst | Literatur und B\u00fccher | Medien und Presse | Audiovisuelles, Film, TV und Radio | Videospiele und multimediale Inhalte | Design und Mode | Kunsthandwerk | Architektur<\/p>\n\n<ul class=\"wp-block-list\">\n<li>Neue Ma\u00dfnahmen zur Anpassung der Umsetzung des <strong>\n  <a href=\"https:\/\/euknow.it\/guida\/guida-europrogettazione\/programmi-comunitari\/europa-creativa\/\">Programm Kreatives Europa<\/a>\n<\/strong> an die neue Situation nach Covid-19. Auch auf dieser Seite sind sie zahlreich und bedeutend:<\/li>\n<\/ul>\n\n<ol class=\"wp-block-list\">\n<li>Die Bewertung der Aufforderung zur Einreichung von <strong>Kooperationsprojekten<\/strong> im Rahmen des Teilprogramms Kultur f\u00fcr 2020<a href=\"https:\/\/eacea.ec.europa.eu\/creative-europe\/funding\/support-european-cooperation-projects-2020_en\" target=\"_blank\" rel=\"noopener\">(deren Frist<\/a> im November ablief) wird beschleunigt, um den Bed\u00fcrfnissen der Praktiker rasch gerecht zu werden. Aus demselben Grund werden der Start der Projekte und die Bereitstellung der entsprechenden Vorfinanzierungstranchen bereits im September erwartet;<\/li>\n<li>Ein st\u00e4rkerer Fokus auf Mobilit\u00e4tsfragen, die f\u00fcr die darstellenden K\u00fcnste (insbesondere Theater, Tanz, Zirkus und Stra\u00dfenkunst) besonders wichtig sind. Das F\u00f6rderprogramm f\u00fcr die <strong>transnationale Verbreitung<\/strong> wird beschleunigt (der Aufruf wird f\u00fcr Ende Mai erwartet) und wird einen besonderen Schwerpunkt auf Live-Aufnahmen, Streaming und Online-Erlebnisse legen;<\/li>\n<li>Die letzte  Der <a href=\"https:\/\/ec.europa.eu\/info\/funding-tenders\/opportunities\/portal\/screen\/opportunities\/topic-details\/crea-cult-lit1\" target=\"_blank\" rel=\"noopener\">Aufruf zur \u00dcbersetzung europ\u00e4ischer B\u00fccher<\/a> im Rahmen von Kreatives Europa wurde bis zum 28. Mai verl\u00e4ngert, das Budget wurde aufgestockt und das Auswahlverfahren wird beschleunigt, um die Auswirkungen der Krise auf den Wettbewerb abzumildern.  <strong>Verlagswesen<\/strong> (Schlie\u00dfung von Messen und Buchhandlungen) und den Zugang zu europ\u00e4ischen literarischen Werken f\u00fcr alle B\u00fcrger zu erleichtern;<\/li>\n<\/ol>\n\n<p><strong>Wir m\u00f6chten Sie bei dieser Gelegenheit daran erinnern, die Aufrufe zum Programm Creative Europe <a href=\"https:\/\/ec.europa.eu\/programmes\/creative-europe\/calls_en\" target=\"_blank\" rel=\"noopener\">hier<\/a> und <a href=\"https:\/\/eacea.ec.europa.eu\/creative-europe\/funding_en\" target=\"_blank\" rel=\"noopener\">hier<\/a> zu konsultieren!Und auch hier: eine Seite zu den verschobenen Creative Europe-Aufrufen.<\/strong><\/p>\n\n<ul class=\"wp-block-list\">\n<li>Die Beg\u00fcnstigten des <strong>Programms Kreatives Europa<\/strong> sind eingeladen, ihre Kunstwerke online zu zeigen, um die Fortsetzung der geplanten Aktionen zu erm\u00f6glichen und die Auswirkungen der <strong>Anti-Covid-19-Ma\u00dfnahmen<\/strong> auf den Kunst- und Kultursektor abzumildern. Die Initiative ist Teil der sozialen Kampagne <strong>#CreativeEuropeAtHome<\/strong>: Sie ist k\u00fcnstlerischen Aktivit\u00e4ten gewidmet, die von Kreatives Europa finanziert werden und der \u00d6ffentlichkeit zug\u00e4nglich sind. Sie wird K\u00fcnstlern \u00fcber die sozialen Kan\u00e4le des Programms<a href=\"https:\/\/www.facebook.com\/CreativeEuropeEU\/?fref=ts\" target=\"_blank\" rel=\"noopener\">(Facebook<\/a> | <a href=\"https:\/\/twitter.com\/europe_creative\" target=\"_blank\" rel=\"noopener\">Twitter<\/a> | <a href=\"https:\/\/www.instagram.com\/creative.eu\/\" target=\"_blank\" rel=\"noopener\">Instagram<\/a>) noch mehr Sichtbarkeit verschaffen;<\/li>\n<li>Es sind <strong>Sonderma\u00dfnahmen<\/strong> f\u00fcr <strong>Kinos<\/strong> geplant (die von der \"Abriegelung\" stark betroffen sind), f\u00fcr die voraussichtlich 5 Mio. EUR in Form von speziellen \"Gutscheinen\" im Rahmen des Programms Media bereitgestellt werden: Programmseiten <a href=\"https:\/\/eacea.ec.europa.eu\/creative-europe\/actions\/media_en\" target=\"_blank\" rel=\"noopener\">hier<\/a> und <a href=\"https:\/\/ec.europa.eu\/digital-single-market\/en\/policies\/media-programme\" target=\"_blank\" rel=\"noopener\">hier<\/a> f\u00fcr k\u00fcnftige Aktualisierungen.<\/li>\n<\/ul>\n\n<p><strong>Vor allem aber laden wir Sie ein, sich an <a href=\"https:\/\/ec.europa.eu\/programmes\/creative-europe\/contact_en\" target=\"_blank\" rel=\"noopener\">das Netzwerk<\/a> der Creative Europe Desks und <a href=\"http:\/\/www.europacreativa-media.it\/\" target=\"_blank\" rel=\"noopener\">Medienb\u00fcros<\/a> zu wenden: Die Situation erfordert eine enge Abstimmung mit und zwischen den nationalen Netzwerken&#8230; und zwischen ihnen und den Praktikern!<\/strong><\/p>\n","protected":false},"excerpt":{"rendered":"<p>Wir haben bereits mehrere Einblicke in die Ma\u00dfnahmen zur Krisenbew\u00e4ltigung und die Reaktion der europ\u00e4ischen Projektwelt auf die Krise gewidmet. Wie wir bereits erkl\u00e4rt haben, sind wir Zeugen intensiver Bem\u00fchungen seitens der EU-Institutionen, der Welt der Philanthropie, derVerb\u00e4nde und der Wirtschaft, um denCovid-19-Notstand zu bek\u00e4mpfen.<\/p>\n","protected":false},"author":3,"featured_media":30008,"comment_status":"open","ping_status":"open","sticky":false,"template":"","format":"standard","meta":{"_acf_changed":false,"inline_featured_image":false,"footnotes":""},"categories":[720],"tags":[],"class_list":["post-20969","post","type-post","status-publish","format-standard","has-post-thumbnail","hentry","category-archiv-archiv"],"acf":[],"_links":{"self":[{"href":"https:\/\/euknow.it\/de\/wp-json\/wp\/v2\/posts\/20969","targetHints":{"allow":["GET"]}}],"collection":[{"href":"https:\/\/euknow.it\/de\/wp-json\/wp\/v2\/posts"}],"about":[{"href":"https:\/\/euknow.it\/de\/wp-json\/wp\/v2\/types\/post"}],"author":[{"embeddable":true,"href":"https:\/\/euknow.it\/de\/wp-json\/wp\/v2\/users\/3"}],"replies":[{"embeddable":true,"href":"https:\/\/euknow.it\/de\/wp-json\/wp\/v2\/comments?post=20969"}],"version-history":[{"count":0,"href":"https:\/\/euknow.it\/de\/wp-json\/wp\/v2\/posts\/20969\/revisions"}],"wp:featuredmedia":[{"embeddable":true,"href":"https:\/\/euknow.it\/de\/wp-json\/wp\/v2\/media\/30008"}],"wp:attachment":[{"href":"https:\/\/euknow.it\/de\/wp-json\/wp\/v2\/media?parent=20969"}],"wp:term":[{"taxonomy":"category","embeddable":true,"href":"https:\/\/euknow.it\/de\/wp-json\/wp\/v2\/categories?post=20969"},{"taxonomy":"post_tag","embeddable":true,"href":"https:\/\/euknow.it\/de\/wp-json\/wp\/v2\/tags?post=20969"}],"curies":[{"name":"wp","href":"https:\/\/api.w.org\/{rel}","templated":true}]}}