{"id":21109,"date":"2021-02-08T00:00:00","date_gmt":"2021-02-08T01:00:00","guid":{"rendered":"https:\/\/www.guidaeuroprogettazione.eu\/programmplanung-2014-2020-wie-lange-ist-sie-gueltig-und-wann-beginnt-die-neue-programmplanung\/"},"modified":"2026-01-28T13:25:29","modified_gmt":"2026-01-28T14:25:29","slug":"programmplanung-2014-2020-wie-lange-ist-sie-gueltig-und-wann-beginnt-die-neue-programmplanung","status":"publish","type":"post","link":"https:\/\/euknow.it\/de\/programmplanung-2014-2020-wie-lange-ist-sie-gueltig-und-wann-beginnt-die-neue-programmplanung\/","title":{"rendered":"Programmplanung 2014-2020: Wie lange ist sie g\u00fcltig und wann beginnt die neue Programmplanung?"},"content":{"rendered":"\n<p>In einer Zeit, in der viel \u00fcber die neue Programmplanung gesprochen wird, die entsprechenden Ausschreibungen aber noch nicht ver\u00f6ffentlicht wurden, stellt sich die Frage: Sollten wir uns auf eine mehrmonatige Unterbrechung bei der Ver\u00f6ffentlichung von europ\u00e4ischen Ausschreibungen und Projekten einstellen? Nat\u00fcrlich nicht: Lassen Sie uns herausfinden, warum.<\/p>\n\n<p><!--more--><\/p>\n\n<div class=\"wp-block-spacer\" style=\"height: 20px;\" aria-hidden=\"true\">\u00a0<\/div>\n\n<h2 class=\"wp-block-heading\">Europ\u00e4ische Programmplanung <strong>2021-2027: noch etwas Wartezeit<\/strong><\/h2>\n\n<p>Obwohl der neue mehrj\u00e4hrige Finanzrahmen genehmigt wurde, gibt es noch keine endg\u00fcltige und offizielle Version der Verordnungen f\u00fcr die verschiedenen europ\u00e4ischen Programme und Fonds. Es gibt bereits <a href=\"https:\/\/euknow.it\/guida\/per-orientarsi\/prospetto-programmi-europei-2021-2027\/\">sehr fortgeschrittene Entw\u00fcrfe<\/a>, eine <a href=\"https:\/\/euknow.it\/programmazione-2021-2027\/\">grunds\u00e4tzliche Einigung<\/a> wurde erzielt, aber die letzten offiziellen Schritte stehen noch aus. Neue Arbeitspl\u00e4ne und Aufforderungen zur Einreichung von Vorschl\u00e4gen k\u00f6nnen erst gestartet werden, wenn die Rechtsgrundlage f\u00fcr die europ\u00e4ischen Programme 2021-2027 formalisiert ist. <a href=\"https:\/\/euknow.it\/programmazione-2021-2027\/\">Unter anderem<\/a> ist noch die Ratifizierung des Eigenmittelbeschlusses durch die nationalen Parlamente erforderlich - eine offizielle (aber nicht selbstverst\u00e4ndliche) Best\u00e4tigung der tats\u00e4chlich verf\u00fcgbaren Mittel f\u00fcr die Umsetzung der Programme.  <\/p>\n\n<p>Diese Situation kann zu Beginn eines Siebenjahreszeitraums auftreten, da die politische Debatte und die f\u00fcr die Genehmigung des EU-Haushalts und der Architektur der europ\u00e4ischen Fonds <a href=\"https:\/\/euknow.it\/de\/von-wem-und-wie-wird-der-eu-haushalt-definiert\/\">erforderlichen Verfahren<\/a> zeitlich aufeinander abgestimmt sind.<\/p>\n\n<div class=\"wp-block-spacer\" style=\"height: 20px;\" aria-hidden=\"true\">\u00a0<\/div>\n\n<h2 class=\"wp-block-heading\">Was sind die <strong>Fristen f\u00fcr EU-Programme<\/strong>?<\/h2>\n\n<p>Was jedoch die direkt verwalteten EU-Programme und -Fonds betrifft, so ist auf der Ebene der Europ\u00e4ischen Kommission bereits ein Planungs- und Programmierungsprozess im Gange. Strategische Pl\u00e4ne und Arbeitsprogramme f\u00fcr wichtige EU-Programme (wie<a href=\"https:\/\/ec.europa.eu\/info\/horizon-europe_en#timeline\" target=\"_blank\" rel=\"noreferrer noopener\">Horizont Europa<\/a>) sollten (vorl\u00e4ufig - und entsprechend) ab Februar und April verf\u00fcgbar sein. Im Anschluss daran werden die Ausschreibungen f\u00fcr den neuen Programmplanungszeitraum ver\u00f6ffentlicht.<\/p>\n\n<div class=\"wp-block-spacer\" style=\"height: 20px;\" aria-hidden=\"true\">\u00a0<\/div>\n\n<h2 class=\"wp-block-heading\">Wie sieht der <strong>Zeitplan f\u00fcr die Strukturfonds<\/strong> aus?<\/h2>\n\n<p><a href=\"https:\/\/euknow.it\/de\/strukturfonds-neueste-nachrichten-und-einblicke\/\">Wie bereits erw\u00e4hnt<\/a>, umfasst der Prozess zum Beginn der Umsetzung der Strukturfonds als weitere Schritte die Finalisierung und Genehmigung:<\/p>\n\n<ul class=\"wp-block-list\">\n<li>eines Partnerschaftsabkommens zwischen jedem Land und der Europ\u00e4ischen Kommission,<\/li>\n<li>einer Vereinbarung zwischen dem Staat und den Regionen \u00fcber die Verteilung der Mittel,<\/li>\n<li>die Erstellung eines Strategiedokuments f\u00fcr jede Region und schlie\u00dflich,<\/li>\n<li>der ROPs und NOPs, von denen sich die eigentliche Programmierung der Strukturfonds auf regionaler und nationaler Ebene ableitet.<\/li>\n<\/ul>\n\n<p>Auf der Website von <a href=\"https:\/\/opencoesione.gov.it\/it\/lavori_preparatori_2021_2027\/\" target=\"_blank\" rel=\"noreferrer noopener\">OpenCoesione<\/a> k\u00f6nnen Sie<a href=\"https:\/\/euknow.it\/de\/wie-hoch-ist-die-aufnahmekapazitaet-der-eu-mittel-und-wo-stehen-wir\/\">(unter<\/a> anderem) den Fortschritt dieser Etappen verfolgen. Die j\u00fcngsten Aktualisierungen betreffen die Verhandlungen \u00fcber das Partnerschaftsabkommen, die Voraussetzungen f\u00fcr die Verwaltung der Mittel, die strategischen und thematischen Aspekte der laufenden Verhandlungen und die finanziellen Aspekte.<\/p>\n\n<p>Wir werden also noch einige Monate warten m\u00fcssen, bevor wir tats\u00e4chlich an den Programmen und Projekten f\u00fcr diesen neuen Siebenjahreszeitraum arbeiten k\u00f6nnen: <a href=\"https:\/\/euknow.it\/de\/frohes-neues-jahr-nextgenerationeu\/\">Wie bereits erw\u00e4hnt<\/a>, wird die Verf\u00fcgbarkeit von NextGenerationEU-Mitteln, obwohl sie als Priorit\u00e4t betrachtet wird, erst im sp\u00e4ten Fr\u00fchjahr eintreten.<\/p>\n\n<div class=\"wp-block-spacer\" style=\"height: 20px;\" aria-hidden=\"true\">\u00a0<\/div>\n\n<h2 class=\"wp-block-heading\">Europ\u00e4ische Programme <strong>2014-2020: Es ist noch Zeit<\/strong> zur Teilnahme<\/h2>\n\n<p>Andererseits ist die Zeit f\u00fcr die Aufrufe und Projekte aus der alten Programmplanung 2014-2020 noch nicht vorbei.<\/p>\n\n<p>Wie wir <a href=\"https:\/\/euknow.it\/i-bandi-dellinverno-2\/\">bereits gesehen haben<\/a>, sind eine Reihe von Ausschreibungen f\u00fcr <strong>Direktverwaltungsprogramme<\/strong> noch offen <a href=\"https:\/\/ec.europa.eu\/info\/funding-tenders\/opportunities\/portal\/screen\/opportunities\/topic-search;callCode=null;freeTextSearchKeyword=;matchWholeText=true;typeCodes=1,2;statusCodes=31094501,31094502;programmePeriod=2014%20-%202020;programCcm2Id=null;programDivisionCode=null;focusAreaCode=null;geographicalZonesCode=null;programmeDivisionProspect=null;startDateLte=null;startDateGte=null;crossCuttingPriorityCode=null;cpvCode=null;performanceOfDelivery=null;sortQuery=deadlineDate;orderBy=desc;onlyTenders=false;topicListKey=topicSearchTablePageState\" target=\"_blank\" rel=\"noreferrer noopener\">und k\u00f6nnen direkt auf dem Hauptportal f\u00fcr Ausschreibungen der Europ\u00e4ischen Kommission eingesehen werden<\/a>.<\/p>\n\n<p>In Bezug auf die <strong>Strukturfonds<\/strong> sieht die <a href=\"https:\/\/eur-lex.europa.eu\/legal-content\/IT\/TXT\/PDF\/?uri=CELEX:32013R1303&amp;from=IT\" target=\"_blank\" rel=\"noreferrer noopener\">Verordnung<\/a> vor, dass Ausgaben zuschussf\u00e4hig sind <em>, \"wenn sie von einem Beg\u00fcnstigten get\u00e4tigt wurden und zwischen dem Zeitpunkt der Vorlage des Programms bei der Kommission oder dem 1. Januar 2014, je nachdem, welcher Zeitpunkt fr\u00fcher liegt, und dem 31. Dezember 2023 gezahlt wurden\"<\/em>. Es gilt also die so genannte <strong>&#8217;n+3&#8242;-Regel:<\/strong> Projektaktivit\u00e4ten k\u00f6nnen bis zum dritten Jahr nach Ende des Programmplanungszeitraums finanziert werden. Damit dies geschehen kann, m\u00fcssen die Ausschreibungen nat\u00fcrlich rechtzeitig ver\u00f6ffentlicht und die Projekte bewertet, gestartet und ausgef\u00fchrt werden.<\/p>\n\n<div class=\"wp-block-spacer\" style=\"height: 20px;\" aria-hidden=\"true\">\u00a0<\/div>\n\n<h2 class=\"wp-block-heading\"><strong>Fazit: Machen wir uns bereit!<\/strong><\/h2>\n\n<p>Im Jahr 2021 werden wir also eine Zwischensituation haben, die typisch f\u00fcr den Beginn eines jeden Programmplanungszeitraums ist: Die alten Programme werden ersch\u00f6pft sein, w\u00e4hrend die neuen nach und nach anlaufen werden.<\/p>\n\n<p>Unser Leitfaden wird daher einige Zeit lang Informationen \u00fcber den Programmplanungszeitraum 2014-2020 enthalten, die dann archiviert werden. Wir arbeiten bereits daran, so bald wie m\u00f6glich Informationen \u00fcber den neuen Zeitraum 2021-2027 zu ver\u00f6ffentlichen.<\/p>\n\n<p>In der Zwischenzeit k\u00f6nnen unsere Leser diese \u00dcbergangsphase in einer <a href=\"https:\/\/euknow.it\/nuova-programmazione-2021-2027\/\">speziellen Rubrik des<\/a> Leitfadens live mitverfolgen.<\/p>\n\n<p>Folgen Sie uns weiter!<\/p>\n","protected":false},"excerpt":{"rendered":"<p>In einer Zeit, in der viel \u00fcber die neue Programmplanung gesprochen wird, die entsprechenden Ausschreibungen aber noch nicht ver\u00f6ffentlicht wurden, stellt sich die Frage: Sollten wir uns auf eine mehrmonatige Unterbrechung bei der Ver\u00f6ffentlichung von europ\u00e4ischen Ausschreibungen und Projekten einstellen? Nat\u00fcrlich nicht: Lassen Sie uns herausfinden, warum.<\/p>\n","protected":false},"author":3,"featured_media":30067,"comment_status":"open","ping_status":"open","sticky":false,"template":"","format":"standard","meta":{"_acf_changed":false,"inline_featured_image":false,"footnotes":""},"categories":[720,2196],"tags":[2345,2353],"class_list":["post-21109","post","type-post","status-publish","format-standard","has-post-thumbnail","hentry","category-archiv-archiv","category-archiv-nachrichten","tag-faq-de","tag-wie-man-es-macht-organisieren-fur"],"acf":[],"_links":{"self":[{"href":"https:\/\/euknow.it\/de\/wp-json\/wp\/v2\/posts\/21109","targetHints":{"allow":["GET"]}}],"collection":[{"href":"https:\/\/euknow.it\/de\/wp-json\/wp\/v2\/posts"}],"about":[{"href":"https:\/\/euknow.it\/de\/wp-json\/wp\/v2\/types\/post"}],"author":[{"embeddable":true,"href":"https:\/\/euknow.it\/de\/wp-json\/wp\/v2\/users\/3"}],"replies":[{"embeddable":true,"href":"https:\/\/euknow.it\/de\/wp-json\/wp\/v2\/comments?post=21109"}],"version-history":[{"count":4,"href":"https:\/\/euknow.it\/de\/wp-json\/wp\/v2\/posts\/21109\/revisions"}],"predecessor-version":[{"id":41098,"href":"https:\/\/euknow.it\/de\/wp-json\/wp\/v2\/posts\/21109\/revisions\/41098"}],"wp:featuredmedia":[{"embeddable":true,"href":"https:\/\/euknow.it\/de\/wp-json\/wp\/v2\/media\/30067"}],"wp:attachment":[{"href":"https:\/\/euknow.it\/de\/wp-json\/wp\/v2\/media?parent=21109"}],"wp:term":[{"taxonomy":"category","embeddable":true,"href":"https:\/\/euknow.it\/de\/wp-json\/wp\/v2\/categories?post=21109"},{"taxonomy":"post_tag","embeddable":true,"href":"https:\/\/euknow.it\/de\/wp-json\/wp\/v2\/tags?post=21109"}],"curies":[{"name":"wp","href":"https:\/\/api.w.org\/{rel}","templated":true}]}}