{"id":21123,"date":"2021-03-18T00:00:00","date_gmt":"2021-03-18T00:00:00","guid":{"rendered":"https:\/\/www.guidaeuroprogettazione.eu\/cariverona-stiftung-und-europlanning-guide-ein-gemeinsames-projekt\/"},"modified":"2025-01-10T16:29:17","modified_gmt":"2025-01-10T16:29:17","slug":"cariverona-stiftung-und-europlanning-guide-ein-gemeinsames-projekt","status":"publish","type":"post","link":"https:\/\/euknow.it\/de\/cariverona-stiftung-und-europlanning-guide-ein-gemeinsames-projekt\/","title":{"rendered":"Cariverona Stiftung und Europlanning Guide: ein gemeinsames Projekt"},"content":{"rendered":"\n<p>Das Team, das den Europlanning Guide unterst\u00fctzt, wird immer breiter und reich an Sensibilit\u00e4t und Fachwissen. Lassen Sie uns gemeinsam die Cariverona-Stiftung entdecken.<\/p>\n\n<p><!--more--><\/p>\n\n<div class=\"wp-block-spacer\" style=\"height: 20px;\" aria-hidden=\"true\">\u00a0<\/div>\n\n<h2 class=\"wp-block-heading\"><strong>Der Europlanning Guide, eine gro\u00dfe Familie<\/strong><\/h2>\n\n<p>Das Ziel des Europlanning Guide ist es, die Gebiete Italiens n\u00e4her an Europa heranzuf\u00fchren (und umgekehrt) und Informationen und Unterst\u00fctzung zu bieten, um Kompetenzen zu st\u00e4rken und Entwicklungsm\u00f6glichkeiten zu schaffen. Dieses Ziel teilen wir mit unseren Partnern, die immer zahlreicher werden. Lassen Sie es uns gemeinsam herausfinden: Der Europlanning Guide ist nur ein Aspekt ihrer Bem\u00fchungen. Heute stellen wir Ihnen die <strong>Cariverona-Stiftung<\/strong> vor.<\/p>\n\n<div class=\"wp-block-spacer\" style=\"height: 20px;\" aria-hidden=\"true\">\u00a0<\/div>\n\n<h2 class=\"wp-block-heading\"><strong>Eine gro\u00dfartige Grundlage f\u00fcr ein gro\u00dfes Gebiet<\/strong><\/h2>\n\n<p>Die Arbeit der Cariverona-Stiftung umfasst ein Einzugsgebiet von fast  <strong>drei Millionen  <\/strong>der Menschen, die in den f\u00fcnf Provinzen von  <strong>Verona, Vicenza, Belluno, Ancona  <\/strong>e<strong>  Mantua.<\/strong>  Ein kontinuierlicher Prozess des Zuh\u00f6rens, des Dialogs und der Konfrontation auf lokaler und internationaler Ebene erm\u00f6glicht es der Stiftung Cariverona, eine enge Verbindung zu den Realit\u00e4ten aufrechtzuerhalten, die tagt\u00e4glich in ihrem weitl\u00e4ufigen und \u00fcber drei verschiedene Regionen verteilten Gebiet leben.<\/p>\n\n<div class=\"wp-block-spacer\" style=\"height: 20px;\" aria-hidden=\"true\">\u00a0<\/div>\n\n<h2 class=\"wp-block-heading\"><strong>Cariverona Stiftung und Europlanning Guide: eine gemeinsame Mission<\/strong><\/h2>\n\n<p>Seit 1991 hat die Stiftung rund <strong>23.000 Initiativen<\/strong> mit einer Gesamtsumme von mehr als <strong>1.760 Millionen Euro<\/strong> unterst\u00fctzt, die sich wie ein roter Faden durch die Idee des<strong>\"Aufbaus von Kapazit\u00e4ten\"<\/strong> zur erfolgreichen Bew\u00e4ltigung gro\u00dfer sozialer Herausforderungen ziehen. Eine Vision, die die Energie und den Wert der Organisationen, Frauen und M\u00e4nner f\u00f6rdert, die in ihren Gebieten handeln, planen und sich vernetzen. Eine Mission, die auch der Europlanning Guide aufgreift und verfolgt, Tag f\u00fcr Tag und Seite f\u00fcr Seite.<\/p>\n\n<div class=\"wp-block-spacer\" style=\"height: 20px;\" aria-hidden=\"true\">\u00a0<\/div>\n\n<h2 class=\"wp-block-heading\"><strong>Cariverona Foundation, eine nat\u00fcrliche Partnerschaft mit dem Europlanning Guide<\/strong><\/h2>\n\n<p>Wie andere Stiftungen aus dem Bankensektor und insbesondere im Rahmen des <a href=\"https:\/\/euknow.it\/categorie\/programmazione-2021-2027\/\">neuen europ\u00e4ischen Programms 2021-2027<\/a> ist die Cariverona-Stiftung eine Drehscheibe f\u00fcr die Beziehungen zwischen dem Gebiet und den europ\u00e4ischen Programmen. Die Cariverona-Stiftung erleichtert die Entwicklung von \u00f6ffentlich-privaten Partnerschaften und (durch den Leitfaden) den Zugang zu dem Wissen, das ben\u00f6tigt wird, um Organisationen des dritten Sektors n\u00e4her an die europ\u00e4ische Planung heranzuf\u00fchren.  <\/p>\n\n<p>Diese Rolle passt gut zu den <a href=\"https:\/\/www.fondazionecariverona.org\/documenti-programmatici\/\" target=\"_blank\" rel=\"noreferrer noopener\">3 aktuellen strategischen Zielen<\/a> der Cariverona-Stiftung, die wiederum mit den <a href=\"https:\/\/euknow.it\/de\/was-sind-die-sdgs-sustainable-development-goals\/\">Zielen f\u00fcr nachhaltige Entwicklung<\/a> der Agenda 2030 \u00fcbereinstimmen:<\/p>\n\n<ol class=\"wp-block-list\">\n<li><a href=\"https:\/\/www.fondazionecariverona.org\/documenti-programmatici\/ambiente-e-territorio\/\" target=\"_blank\" rel=\"noreferrer noopener\">Schutz, Umweltpflege und Landentwicklung<\/a>;<\/li>\n<li><a href=\"https:\/\/www.fondazionecariverona.org\/documenti-programmatici\/capitale-umano\/\" target=\"_blank\" rel=\"noreferrer noopener\">Verbesserung des Humankapitals und F\u00f6rderung von Chancen f\u00fcr Jugendliche<\/a>;<\/li>\n<li><a href=\"https:\/\/www.fondazionecariverona.org\/documenti-programmatici\/innovazione-sociale\/\" target=\"_blank\" rel=\"noreferrer noopener\">Soziale Innovation, Wohlbefinden, Lebensqualit\u00e4t zur F\u00f6rderung inklusiver und koh\u00e4siver Gemeinschaften<\/a>.<\/li>\n<\/ol>\n\n<div class=\"wp-block-spacer\" style=\"height: 20px;\" aria-hidden=\"true\">\u00a0<\/div>\n\n<h2 class=\"wp-block-heading\"><strong>Aufforderungen und Projekte f\u00fcr alle<\/strong><\/h2>\n\n<p>Informieren Sie sich hier \u00fcber die <a href=\"https:\/\/www.fondazionecariverona.org\/bandi\/\" target=\"_blank\" rel=\"noreferrer noopener\">Aufrufe<\/a>, <a href=\"https:\/\/www.fondazionecariverona.org\/progetti-in-evidenza\/\" target=\"_blank\" rel=\"noreferrer noopener\">Projekte<\/a> und <a href=\"https:\/\/www.fondazionecariverona.org\/le-nostre-attivita\/\" target=\"_blank\" rel=\"noreferrer noopener\">Aktivit\u00e4ten<\/a> der Cariverona Stiftung - sowie \u00fcber die <a href=\"https:\/\/www.fondazionecariverona.org\/wp-content\/uploads\/2017\/10\/libro_Una_Fondazione_nell_Italia_che_cambia_web2.pdf\" target=\"_blank\" rel=\"noreferrer noopener\">Geschichte der<\/a> Cariverona Stiftung von ihrer Gr\u00fcndung bis heute.<\/p>\n\n<p>Sein <a href=\"https:\/\/www.fondazionecariverona.org\/news\/guidaeuroprogettazione\/\" target=\"_blank\" rel=\"noreferrer noopener\">erneutes Engagement<\/a> im Bereich der europ\u00e4ischen Fonds k\u00f6nnte seinem Handeln vor Ort und seinem Beitrag zu <a href=\"https:\/\/euknow.it\/de\/\">unserem Leitfaden<\/a> einen zus\u00e4tzlichen Schub verleihen.<\/p>\n","protected":false},"excerpt":{"rendered":"<p>Das Team, das den Europlanning Guide unterst\u00fctzt, wird immer breiter und reich an Sensibilit\u00e4t und Fachwissen. Lassen Sie uns gemeinsam die Cariverona-Stiftung entdecken.<\/p>\n","protected":false},"author":3,"featured_media":30097,"comment_status":"open","ping_status":"open","sticky":false,"template":"","format":"standard","meta":{"_acf_changed":false,"inline_featured_image":false,"footnotes":""},"categories":[720],"tags":[],"class_list":["post-21123","post","type-post","status-publish","format-standard","has-post-thumbnail","hentry","category-archiv-archiv"],"acf":[],"_links":{"self":[{"href":"https:\/\/euknow.it\/de\/wp-json\/wp\/v2\/posts\/21123","targetHints":{"allow":["GET"]}}],"collection":[{"href":"https:\/\/euknow.it\/de\/wp-json\/wp\/v2\/posts"}],"about":[{"href":"https:\/\/euknow.it\/de\/wp-json\/wp\/v2\/types\/post"}],"author":[{"embeddable":true,"href":"https:\/\/euknow.it\/de\/wp-json\/wp\/v2\/users\/3"}],"replies":[{"embeddable":true,"href":"https:\/\/euknow.it\/de\/wp-json\/wp\/v2\/comments?post=21123"}],"version-history":[{"count":0,"href":"https:\/\/euknow.it\/de\/wp-json\/wp\/v2\/posts\/21123\/revisions"}],"wp:featuredmedia":[{"embeddable":true,"href":"https:\/\/euknow.it\/de\/wp-json\/wp\/v2\/media\/30097"}],"wp:attachment":[{"href":"https:\/\/euknow.it\/de\/wp-json\/wp\/v2\/media?parent=21123"}],"wp:term":[{"taxonomy":"category","embeddable":true,"href":"https:\/\/euknow.it\/de\/wp-json\/wp\/v2\/categories?post=21123"},{"taxonomy":"post_tag","embeddable":true,"href":"https:\/\/euknow.it\/de\/wp-json\/wp\/v2\/tags?post=21123"}],"curies":[{"name":"wp","href":"https:\/\/api.w.org\/{rel}","templated":true}]}}