{"id":24025,"date":"2021-09-20T07:48:01","date_gmt":"2021-09-20T07:48:01","guid":{"rendered":"https:\/\/www.guidaeuroprogettazione.eu\/das-neue-europaeische-bauhaus-entdecken-eine-neue-initiative-und-webinarreihe\/"},"modified":"2025-01-10T16:29:54","modified_gmt":"2025-01-10T16:29:54","slug":"das-neue-europaeische-bauhaus-entdecken-eine-neue-initiative-und-webinarreihe","status":"publish","type":"post","link":"https:\/\/euknow.it\/de\/das-neue-europaeische-bauhaus-entdecken-eine-neue-initiative-und-webinarreihe\/","title":{"rendered":"Das neue europ\u00e4ische Bauhaus entdecken: eine neue Initiative und Webinarreihe"},"content":{"rendered":"<p>Das Neue Europ\u00e4ische Bauhaus ist eine der gro\u00dfen neuen europ\u00e4ischen Initiativen. Lassen Sie es uns gemeinsam mit der Webinarreihe des Nationalen Komitees f\u00fcr sozialen Wohnungsbau herausfinden.<\/p>\n<p><!--more--><\/p>\n<h2>Was ist das neue europ\u00e4ische Bauhaus?<\/h2>\n<p>Das &#8218;Neue Europ\u00e4ische Bauhaus&#8216; ist eine Initiative, die Nachhaltigkeit, Inklusivit\u00e4t und k\u00fcnstlerische und architektonische Experimente mit der Gestaltung von Lebensr\u00e4umen verbindet. Der Name ist inspiriert von der Bewegung des 20. Jahrhunderts, die die Beziehung zwischen Technologie und Kultur, zwischen Kunst und Design gr\u00fcndlich untersuchte und deren Entwicklung bis heute unausl\u00f6schlich beeinflusst hat.<\/p>\n<p>Das Neue Europ\u00e4ische Bauhaus ist in erster Linie eine Plattform f\u00fcr Experimente, die Praktiker aus Wissenschaft und Technologie, Kunst und Kultur zusammenbringt, um gemeinsam innovative L\u00f6sungen f\u00fcr die gr\u00fcnen und digitalen Herausforderungen Europas zu finden, und zwar aus einer spezifischen Perspektive: der des Bauens und Wohnens - eines Hauses, eines Viertels, einer Stadt und eines Gebiets. Wir haben dies <a href=\"https:\/\/euknow.it\/de\/horizont-europa-forschung-und-mehr-infotag-programm-2021-2022-und-neue-initiativen\/\">in einem k\u00fcrzlich erschienenen Beitrag<\/a> er\u00f6rtert, der diese Fragen aus einer breiteren Perspektive betrachtet.<\/p>\n<p>Genauer gesagt zielt <a href=\"https:\/\/europa.eu\/new-european-bauhaus\/about\/about-initiative_it\" target=\"_blank\" rel=\"noopener\">das Neue Europ\u00e4ische Bauhaus<\/a> darauf ab:<\/p>\n<ul>\n<li>B\u00fcrger, Experten, Unternehmen und Institutionen zusammenbringen und den Dialog dar\u00fcber f\u00f6rdern, wie die Lebensr\u00e4ume von morgen g\u00fcnstiger und zug\u00e4nglicher werden k\u00f6nnen;<\/li>\n<li>Mobilisierung von Designern, Architekten, Ingenieuren, Wissenschaftlern, Studenten und kreativen K\u00f6pfen aus allen Disziplinen, um eine nachhaltige Lebensweise in Europa und der Welt neu zu \u00fcberdenken;<\/li>\n<li>die Lebensqualit\u00e4t zu verbessern, indem wir den Wert von Einfachheit, Funktionalit\u00e4t und Kreislauff\u00e4higkeit von Materialien erh\u00f6hen;<\/li>\n<li>finanzielle Unterst\u00fctzung f\u00fcr innovative Ideen und Produkte durch Aufforderungen zur Einreichung von Projekten und Vorschl\u00e4gen in diesen Bereichen bereitstellen.<\/li>\n<\/ul>\n<h2>Was sie getan hat und was sie tun wird<\/h2>\n<p>Die Initiative umfasst drei Phasen: gemeinsame Planung, Umsetzung und Verbreitung.<\/p>\n<p>Die kollektive Entwurfsphase, die sich dem Ende zuneigt (Oktober 2020 - September 2021), hatte zum Ziel, konkrete zeitgen\u00f6ssische Beispiele zu sammeln, die die Prinzipien des neuen europ\u00e4ischen Bauhauses zum Ausdruck bringen. Die interessantesten Beitr\u00e4ge wurden <a href=\"https:\/\/europa.eu\/new-european-bauhaus\/co-design\/co-designing-new-european-bauhaus-0_en\" target=\"_blank\" rel=\"noopener\">katalogisiert<\/a> und bildeten eine Grundlage f\u00fcr die Diskussion zwischen den an diesen Themen interessierten Akteuren (mit unterschiedlichem Hintergrund und Spezialisierung). \u00dcber eine spezielle Plattform, die <a href=\"https:\/\/europa.eu\/new-european-bauhaus\/overview-examples_en\" target=\"_blank\" rel=\"noopener\">Beispiele<\/a>, <a href=\"https:\/\/europa.eu\/new-european-bauhaus\/co-design\/co-designing-new-european-bauhaus-0\/overview-ideas_en\" target=\"_blank\" rel=\"noopener\">Ideen<\/a> und <a href=\"https:\/\/europa.eu\/new-european-bauhaus\/co-design\/co-designing-new-european-bauhaus-0\/overview-challenges_en\" target=\"_blank\" rel=\"noopener\">Herausforderungen<\/a> sammelt, k\u00f6nnen Sie auf die vielen eingegangenen Beitr\u00e4ge zugreifen und diese durchst\u00f6bern.<\/p>\n<p>Die Debatte sollte dazu f\u00fchren, dass im Rahmen der europ\u00e4ischen Programme ein F\u00f6rderrahmen definiert wird, der zu konkreten Aufrufen f\u00fcr Pilotprojekte f\u00fchrt, die die neue Bauhaus-Idee konkret umsetzen.<\/p>\n<p>In diesen Tagen (16. September) werden aus den in der kollektiven Entwurfsphase gesammelten <a href=\"https:\/\/prizes.new-european-bauhaus.eu\/\" target=\"_blank\" rel=\"noopener\">Beispielen Sonderpreise f\u00fcr zeitgen\u00f6ssische Spitzenleistungen vergeben<\/a>, die bereits Nachhaltigkeit, Erlebnisqualit\u00e4t und Inklusivit\u00e4t vereinen. Auf der Website k\u00f6nnen Sie die preisgekr\u00f6nten und die Finalisten-Beispiele durchst\u00f6bern, die in Kategorien eingeteilt sind, die die Vielfalt der Themenbereiche des neuen Bauhauses gut zusammenfassen:<\/p>\n<ul>\n<li>Techniken, Materialien und Prozesse f\u00fcr Konstruktion und Design<\/li>\n<li>Im Geiste der Kreislaufwirtschaft renovierte Geb\u00e4ude<\/li>\n<li>L\u00f6sungen f\u00fcr die Ko-Evolution von gebauter Umwelt und Natur<\/li>\n<li>Regenerierte st\u00e4dtische und l\u00e4ndliche R\u00e4ume<\/li>\n<li>Produkte und Lebensstil<\/li>\n<li>Kulturelles Erbe erhalten und umgestalten<\/li>\n<li>Neu gestaltete Orte der Begegnung und des Austauschs<\/li>\n<li>Mobilisierung von Kultur, Kunst und Gemeinschaften<\/li>\n<li>Modulare, anpassungsf\u00e4hige und mobile Wohnl\u00f6sungen<\/li>\n<li>Interdisziplin\u00e4re Bildungsmodelle<\/li>\n<\/ul>\n<p><a href=\"https:\/\/prizes.new-european-bauhaus.eu\/home\" target=\"_blank\" rel=\"noopener\">\u00dcber die Website<\/a> k\u00f6nnen Sie an der Veranstaltung teilnehmen und auf das Streaming der Veranstaltung zugreifen. Die verschiedenen Veranstaltungen, die im Rahmen des Bauhauses organisiert werden, k\u00f6nnen Sie <a href=\"https:\/\/europa.eu\/new-european-bauhaus\/events_en\" target=\"_blank\" rel=\"noopener\">hier einsehen<\/a>.<\/p>\n<h2>Eine Reihe von Webinaren, ganz in unserer N\u00e4he<\/h2>\n<p>Wie andere EU-Initiativen und -Projekte landet auch das Neue Europ\u00e4ische Bauhaus in unseren Gebieten und bezieht uns eng ein.\nIn diesem Rahmen findet am 21., 22. und 23. September eine Reihe von Webinaren zu Fragen des sozialen Wohnungsbaus statt, die vom Nationalen Ausschuss f\u00fcr sozialen Wohnungsbau (zu dessen Mitgliedern auch Fondazione Sviluppo e Crescita CRT geh\u00f6rt) gef\u00f6rdert werden:<\/p>\n<p><strong>\"Diffuse Partnerschaften und kommunale Dienstleistungen, welche Zukunft hat das Leben in Italien?\"<\/strong><\/p>\n<p>Ziel des Webinars ist es, in drei thematischen Sitzungen die wichtigsten Fragen im Zusammenhang mit der Zukunft des Wohnens in Italien in den Mittelpunkt zu stellen:\n<strong>&#8218;\u00d6ffentlich und privat: die Partnerschaft, die es noch nicht gibt&#8216;<\/strong>\n21. September 2021 (10.00-12.00) - <a href=\"https:\/\/us-east-2.protection.sophos.com?d=bit.ly&amp;u=aHR0cHM6Ly9iaXQubHkvMllqOFdJeg==&amp;i=NWVjN2EyYjk5NzE2YzgxNmU1NDUwYTI0&amp;t=NURFb3ZjdG1aOVdqazE0dUlNSVE1dkpBMDllTnp3UEI3dXRkcjJvb0V3az0=&amp;h=9a3f23f8b4e94765801b9403b3588b9a\" target=\"_blank\" rel=\"noopener\">Anmeldung Link<\/a>\n<strong>\"Inklusive Territorien und Jugendwohnungen in Italien. Erfahrungen und Modelle im Vergleich\".<\/strong>\n22. September 2021 (15.00-17.00) - <a href=\"https:\/\/us-east-2.protection.sophos.com?d=bit.ly&amp;u=aHR0cHM6Ly9iaXQubHkvM2g1dWthUw==&amp;i=NWVjN2EyYjk5NzE2YzgxNmU1NDUwYTI0&amp;t=cXlQdlhma25IUGFwZlY0WUc3aU5YWGdlN1lGdDZlQS8rRjROYThJWW9LQT0=&amp;h=9a3f23f8b4e94765801b9403b3588b9a\" target=\"_blank\" rel=\"noopener\">Anmeldung Link<\/a>\n<strong>&#8218;Stadterneuerung und Gemeinschaftsbildung. Kultur, Wohlbefinden und Dienstleistungen rund ums Wohnen&#8216;.<\/strong>\n23. September 2021 (15.00-17.00) - <a href=\"https:\/\/us-east-2.protection.sophos.com?d=bit.ly&amp;u=aHR0cHM6Ly9iaXQubHkvM2wycHhzNg==&amp;i=NWVjN2EyYjk5NzE2YzgxNmU1NDUwYTI0&amp;t=NlVDV2FKSlhOb0ZUZFJ4dHBxU1VmYUJDK290YUtSSXRSM1FFTmNHVnVJWT0=&amp;h=9a3f23f8b4e94765801b9403b3588b9a\" target=\"_blank\" rel=\"noopener\">Anmeldung Link<\/a><\/p>\n<p>Die Webinare sind nach der Registrierung \u00fcber die angegebenen Links kostenlos verf\u00fcgbar.<\/p>\n<p>Weitere Informationen finden Sie auf der Website des Nationalen Komitees f\u00fcr sozialen Wohnungsbau und der Fondazione CRT.<\/p>\n<h2>Ein europ\u00e4isches Programm im Entstehen?<\/h2>\n<p>Das Neue Europ\u00e4ische Bauhaus ist daher eine Debatte und eine Plattform, die derzeit zu einigen konkreten Initiativen f\u00fchrt: ein Archiv von Ideen, Beispielen und Herausforderungen, die Verleihung von Preisen f\u00fcr vorbildliche Verfahren und ein offener Weg zur Definition spezieller Ausschreibungen.\nIhre Finanzierung kann sich sektor\u00fcbergreifend auf andere bestehende Programme st\u00fctzen oder kurz- oder langfristig zu einem neuen spezifischen Programm f\u00fchren. In jedem Fall handelt es sich um eine neue Chance in einem bereichs\u00fcbergreifenden und interessanten Sektor, den man verfolgen und auf dem Laufenden halten sollte.<\/p>\n<p>Die Webinare des Nationalen Komitees f\u00fcr sozialen Wohnungsbau bieten eine konkrete Gelegenheit, sich der Debatte und den auf nationaler Ebene aktiven Interessenvertretern zu diesen Themen zu n\u00e4hern. Beteiligen Sie sich umfassend!<\/p>\n<p>&nbsp;<\/p>\n","protected":false},"excerpt":{"rendered":"<p>Das Neue Europ\u00e4ische Bauhaus ist eine der gro\u00dfen neuen europ\u00e4ischen Initiativen. Lassen Sie es uns gemeinsam mit der Webinarreihe des Nationalen Komitees f\u00fcr sozialen Wohnungsbau herausfinden.<\/p>\n","protected":false},"author":1,"featured_media":30210,"comment_status":"open","ping_status":"open","sticky":false,"template":"","format":"standard","meta":{"_acf_changed":false,"inline_featured_image":false,"footnotes":""},"categories":[720],"tags":[],"class_list":["post-24025","post","type-post","status-publish","format-standard","has-post-thumbnail","hentry","category-archiv-archiv"],"acf":[],"_links":{"self":[{"href":"https:\/\/euknow.it\/de\/wp-json\/wp\/v2\/posts\/24025","targetHints":{"allow":["GET"]}}],"collection":[{"href":"https:\/\/euknow.it\/de\/wp-json\/wp\/v2\/posts"}],"about":[{"href":"https:\/\/euknow.it\/de\/wp-json\/wp\/v2\/types\/post"}],"author":[{"embeddable":true,"href":"https:\/\/euknow.it\/de\/wp-json\/wp\/v2\/users\/1"}],"replies":[{"embeddable":true,"href":"https:\/\/euknow.it\/de\/wp-json\/wp\/v2\/comments?post=24025"}],"version-history":[{"count":0,"href":"https:\/\/euknow.it\/de\/wp-json\/wp\/v2\/posts\/24025\/revisions"}],"wp:featuredmedia":[{"embeddable":true,"href":"https:\/\/euknow.it\/de\/wp-json\/wp\/v2\/media\/30210"}],"wp:attachment":[{"href":"https:\/\/euknow.it\/de\/wp-json\/wp\/v2\/media?parent=24025"}],"wp:term":[{"taxonomy":"category","embeddable":true,"href":"https:\/\/euknow.it\/de\/wp-json\/wp\/v2\/categories?post=24025"},{"taxonomy":"post_tag","embeddable":true,"href":"https:\/\/euknow.it\/de\/wp-json\/wp\/v2\/tags?post=24025"}],"curies":[{"name":"wp","href":"https:\/\/api.w.org\/{rel}","templated":true}]}}