{"id":24359,"date":"2021-09-21T07:00:22","date_gmt":"2021-09-21T07:00:22","guid":{"rendered":"https:\/\/www.guidaeuroprogettazione.eu\/lassen-sie-uns-ueber-die-zukunft-von-europa-sprechen\/"},"modified":"2025-12-03T17:38:54","modified_gmt":"2025-12-03T17:38:54","slug":"lassen-sie-uns-ueber-die-zukunft-von-europa-sprechen","status":"publish","type":"post","link":"https:\/\/euknow.it\/de\/lassen-sie-uns-ueber-die-zukunft-von-europa-sprechen\/","title":{"rendered":"Lassen Sie uns \u00fcber die Zukunft von Europa sprechen"},"content":{"rendered":"<p><strong><em>Die Konferenz \u00fcber die Zukunft Europas: eine neue Gelegenheit, sich in Europa Geh\u00f6r zu verschaffen.<\/em><\/strong><\/p>\n<p><!--more--><\/p>\n<h2>Die eigene Stimme in Europa<\/h2>\n<p>Die EU-Institutionen haben bei der Festlegung der Priorit\u00e4ten, Strategien und Politiken der Union stets auf die Stimme der B\u00fcrger geachtet. Ein direkter Kontakt mit den EU-Institutionen ist \u00fcber das Europe Direct-Netzwerk m\u00f6glich<a href=\"https:\/\/euknow.it\/europe-direct-torino-intervista\/\">(<\/a><a href=\"https:\/\/euknow.it\/centro-europe-direct-cuneo-piemonte\/\">1|2<\/a>). Es gibt Agenturen, die sich an die B\u00fcrger wenden, um sie zur Teilnahme an <a href=\"https:\/\/euknow.it\/guida\/categorie-finanziamento-2021-2027\/programmi-ue\/\">EU-Programmen<\/a> zu bewegen. In jedem Land gibt es <a href=\"https:\/\/italy.representation.ec.europa.eu\/index_it\" target=\"_blank\" rel=\"noopener\">Vertretungen der Europ\u00e4ischen Kommission<\/a> und <a href=\"https:\/\/www.europarl.europa.eu\/at-your-service\/it\/stay-informed\/liaison-offices-in-your-country\" target=\"_blank\" rel=\"noopener\">Verbindungsb\u00fcros des Europ\u00e4ischen Parlaments<\/a>.\nEs gibt ein <a href=\"https:\/\/euknow.it\/diciamo-nostra-commissione-europea\/\">spezielles System<\/a>, um bei der Europ\u00e4ischen Kommission zu einer Vielzahl von Themen &#8218;mitreden&#8216; zu k\u00f6nnen. Kurzum, es gibt keinen Mangel an Dialogkan\u00e4len und sie sind eine besonders interessante M\u00f6glichkeit f\u00fcr diejenigen, die wie Eurodesigner t\u00e4glich mit EU-relevanten Themen zu tun haben.  Die Europ\u00e4ische Union ist jedoch eine komplexe <a href=\"https:\/\/euknow.it\/guida\/per-orientarsi\/radici-progetti-europei\/\">Realit\u00e4t<\/a>, die komplexe Zeiten durchlebt, voller neuer Herausforderungen f\u00fcr Institutionen und B\u00fcrger.\nDie <a href=\"https:\/\/ec.europa.eu\/info\/strategy\/priorities-2019-2024\/new-push-european-democracy_it\" target=\"_blank\" rel=\"noopener\">Ann\u00e4herung von Institutionen und B\u00fcrgern und die Erneuerung der Instrumente f\u00fcr die demokratische Beteiligung<\/a> sind heute mehr denn je <a href=\"https:\/\/euknow.it\/vocabolario-programmazione-2021-2027\/\">eine strategische Herausforderung<\/a> f\u00fcr die Zukunft der Union. Im Einklang mit dieser strategischen Notwendigkeit wurde im<a href=\"https:\/\/www.europarl.europa.eu\/news\/en\/press-room\/20210324IPR00701\/work-begins-on-the-conference-on-the-future-of-europe\" target=\"_blank\" rel=\"noopener\">M\u00e4rz<\/a> dieses Jahres die <strong>Konferenz \u00fcber die Zukunft Europas<\/strong> ins Leben gerufen: eine neue, weitreichende Initiative, die alle Aspekte im Zusammenhang mit der Zukunft der Union umfasst und allen B\u00fcrgern offen steht. Sie m\u00fcndete im <a href=\"https:\/\/ec.europa.eu\/commission\/presscorner\/detail\/en\/ip_21_1764\" target=\"_blank\" rel=\"noopener\">April<\/a> in den Start einer digitalen Plattform und im <a href=\"https:\/\/ec.europa.eu\/commission\/presscorner\/detail\/en\/ip_21_1764\" target=\"_blank\" rel=\"noopener\">Juni<\/a> in eine erste Plenarkonferenz (die n\u00e4chste ist f\u00fcr Oktober geplant).<\/p>\n<h3><a href=\"https:\/\/futureu.europa.eu\/pages\/about?locale=it\" target=\"_blank\" rel=\"noopener\">Worum geht es hier eigentlich?<\/a><\/h3>\n<p style=\"padding-left: 40px;\"><em>Die Konferenz \u00fcber die Zukunft Europas bietet den europ\u00e4ischen B\u00fcrgern eine einzigartige und zeitgem\u00e4\u00dfe Gelegenheit, \u00fcber die Herausforderungen und Priorit\u00e4ten Europas zu diskutieren. Jeder, unabh\u00e4ngig von seiner Herkunft oder T\u00e4tigkeit, kann dieses Instrument nutzen, um \u00fcber die Zukunft der Europ\u00e4ischen Union nachzudenken, die er sich w\u00fcnscht.<\/em>\n<em>Das Europ\u00e4ische Parlament, der Rat und die Europ\u00e4ische Kommission haben sich verpflichtet, auf die Stimme der Europ\u00e4er zu h\u00f6ren und im Rahmen ihrer jeweiligen Zust\u00e4ndigkeiten den eingegangenen Empfehlungen nachzukommen.<\/em>\n<em>Bis zum Fr\u00fchjahr 2022 soll die Konferenz zu Schlussfolgerungen kommen und Leitlinien f\u00fcr die Zukunft Europas vorlegen.<\/em><\/p>\n<p>Seine <a href=\"https:\/\/futureu.europa.eu\/uploads\/decidim\/attachment\/file\/19108\/big_CoFoE_Process_IT.jpg\" rel=\"nofollow noopener\" target=\"_blank\">Funktionsweise<\/a> und der <a href=\"https:\/\/futureu.europa.eu\/uploads\/decidim\/attachment\/file\/19109\/big_CoFoE_Timeline_IT.jpg\" rel=\"nofollow noopener\" target=\"_blank\">Zeitplan<\/a> sind in dieser Infografik gut zusammengefasst.<\/p>\n<p><img fetchpriority=\"high\" decoding=\"async\" class=\"aligncenter wp-image-9931 size-full\" src=\"https:\/\/euknow.it\/wp-content\/uploads\/2025\/01\/guidaeuroprogettazione_futuro_deuropa_infografica_procedimento-scaled-1.jpg\" alt=\"\" width=\"2560\" height=\"1396\"><\/p>\n<p><img decoding=\"async\" class=\"aligncenter wp-image-9932 size-full\" src=\"https:\/\/euknow.it\/wp-content\/uploads\/2025\/01\/guidaeuroprogettazione_futuro_deuropa_infografica_calendaerio-scaled-1.jpg\" alt=\"\" width=\"2560\" height=\"1397\"><\/p>\n<h3><a href=\"https:\/\/futureu.europa.eu\/pages\/getinvolved?locale=it\" target=\"_blank\" rel=\"noopener\">Wie k\u00f6nnen Sie teilnehmen?<\/a><\/h3>\n<p>Ausgangspunkt ist die <a href=\"https:\/\/futureu.europa.eu\/?locale=it\" target=\"_blank\" rel=\"noopener\">Online-Plattform zur Zukunft Europas<\/a>, die in allen EU-Sprachen alle f\u00fcr die Konsultation und die Teilnahme an der Konferenz erforderlichen Informationen in knapper und umfassender Form enth\u00e4lt.\nEs werden zehn Hauptthemen vorgeschlagen: <a href=\"https:\/\/futureu.europa.eu\/processes\/GreenDeal\" target=\"_blank\" rel=\"noopener\">Klimawandel und Umwelt<\/a>,   <a href=\"https:\/\/futureu.europa.eu\/processes\/Health\" target=\"_blank\" rel=\"noopener\">Zum Wohl<\/a>,  <a href=\"https:\/\/futureu.europa.eu\/processes\/Economy\" target=\"_blank\" rel=\"noopener\">Eine st\u00e4rkere Wirtschaft, Soziale Gerechtigkeit und Besch\u00e4ftigung<\/a>, <g id=\"gid_1\">Die EU in der Welt<\/g>, <a href=\"https:\/\/futureu.europa.eu\/processes\/ValuesRights\" target=\"_blank\" rel=\"noopener\">Werte und Rechte, Rechtsstaatlichkeit, Sicherheit<\/a>, <a href=\"https:\/\/futureu.europa.eu\/processes\/Digital\" target=\"_blank\" rel=\"noopener\">Digitale Transformation<\/a>, <a href=\"https:\/\/futureu.europa.eu\/processes\/Democracy\" target=\"_blank\" rel=\"noopener\">Europ\u00e4ische Demokratie<\/a>, <a href=\"https:\/\/futureu.europa.eu\/processes\/Migration\" target=\"_blank\" rel=\"noopener\">Migration<\/a>, <a href=\"https:\/\/futureu.europa.eu\/processes\/Education\" target=\"_blank\" rel=\"noopener\">Bildung, Kultur, Jugend und Sport<\/a> und <a href=\"https:\/\/futureu.europa.eu\/processes\/OtherIdeas\" target=\"_blank\" rel=\"noopener\">Weitere Ideen<\/a> (f\u00fcr alles, was nicht unter die oben genannten Themen f\u00e4llt).   <\/p>\n<p>Innerhalb der Konferenz ist das m\u00f6glich:<\/p>\n<ul>\n<li><a href=\"https:\/\/futureu.europa.eu\/search?filter%5bdecidim_scope_id%5d=&amp;filter%5bresource_type%5d=Decidim::Proposals::Proposal&amp;filter%5bterm%5d=\" target=\"_blank\" rel=\"noopener\">Konsultieren Sie alle diskutierten Ideen<\/a> und schlagen Sie neue Ideen vor, indem Sie ein spezielles <a href=\"https:\/\/futureu.europa.eu\/users\/auth\/cas\" target=\"_blank\" rel=\"noopener\">Registrierungsverfahren durch<\/a>laufen.<\/li>\n<li><a href=\"https:\/\/futureu.europa.eu\/pages\/organiseanevent?locale=it\" target=\"_blank\" rel=\"noopener\">Nehmen Sie an Veranstaltungen teil und organisieren Sie diese<\/a>, um konkrete Ideen und L\u00f6sungen f\u00fcr die Zukunft Europas zu diskutieren und auszutauschen, und zwar mit Hilfe von speziellen F\u00fchrern und den dezentralen EU-Einrichtungen in Ihrem Land;<\/li>\n<li>Verfolgen Sie die Arbeit der (zuf\u00e4llig ausgew\u00e4hlten und repr\u00e4sentativen) <a href=\"https:\/\/futureu.europa.eu\/pages\/panels?locale=it\" target=\"_blank\" rel=\"noopener\">B\u00fcrgerpanels<\/a> und <a href=\"https:\/\/futureu.europa.eu\/pages\/plenary?locale=it\" target=\"_blank\" rel=\"noopener\">Plenarsitzungen<\/a> der Konferenz, deren Aufgabe es ist, die gesammelten Beitr\u00e4ge zu sammeln, zu diskutieren und Schlussfolgerungen daraus zu ziehen;<\/li>\n<li>Sehen Sie sich alle <a href=\"https:\/\/audiovisual.ec.europa.eu\/en\/search?thesaurus=211474\" target=\"_blank\" rel=\"noopener\">Videos zur Konferenz \u00fcber die Zukunft Europas<\/a> \u00fcber das <a href=\"https:\/\/euknow.it\/europrogettazione-video-webinar\/\">audiovisuelle<\/a> Portal der Europ\u00e4ischen Kommission an.<\/li>\n<\/ul>\n<p>Wir empfehlen in diesem Zusammenhang ein <a href=\"https:\/\/audiovisual.ec.europa.eu\/en\/video\/I-207507\" target=\"_blank\" rel=\"noopener\">Video, das die Initiative und die Teilnahme an der Konferenz kurz erkl\u00e4rt<\/a>.<\/p>\n<h3>Eine wichtige Debatte<\/h3>\n<p>Die EU-Institutionen haben sich verpflichtet, die Schlussfolgerungen der f\u00fcr das Fr\u00fchjahr 2022 geplanten Konferenz weiterzuverfolgen.\nLassen Sie uns auf dem Laufenden bleiben und die Debatte verfolgen: Diese \u00dcbung wird eine weitere Erneuerung der EU-Politik und der Priorit\u00e4ten und damit neues Leben f\u00fcr unsere Projekte bringen.<\/p>\n","protected":false},"excerpt":{"rendered":"<p>Die Konferenz \u00fcber die Zukunft Europas: eine neue Gelegenheit, sich in Europa Geh\u00f6r zu verschaffen.<\/p>\n","protected":false},"author":1,"featured_media":31964,"comment_status":"open","ping_status":"open","sticky":false,"template":"","format":"standard","meta":{"_acf_changed":false,"inline_featured_image":false,"footnotes":""},"categories":[720,2196],"tags":[2368,2348],"class_list":["post-24359","post","type-post","status-publish","format-standard","has-post-thumbnail","hentry","category-archiv-archiv","category-archiv-nachrichten","tag-eu-institutionen-und-politik","tag-nachrichten"],"acf":[],"_links":{"self":[{"href":"https:\/\/euknow.it\/de\/wp-json\/wp\/v2\/posts\/24359","targetHints":{"allow":["GET"]}}],"collection":[{"href":"https:\/\/euknow.it\/de\/wp-json\/wp\/v2\/posts"}],"about":[{"href":"https:\/\/euknow.it\/de\/wp-json\/wp\/v2\/types\/post"}],"author":[{"embeddable":true,"href":"https:\/\/euknow.it\/de\/wp-json\/wp\/v2\/users\/1"}],"replies":[{"embeddable":true,"href":"https:\/\/euknow.it\/de\/wp-json\/wp\/v2\/comments?post=24359"}],"version-history":[{"count":2,"href":"https:\/\/euknow.it\/de\/wp-json\/wp\/v2\/posts\/24359\/revisions"}],"predecessor-version":[{"id":37248,"href":"https:\/\/euknow.it\/de\/wp-json\/wp\/v2\/posts\/24359\/revisions\/37248"}],"wp:featuredmedia":[{"embeddable":true,"href":"https:\/\/euknow.it\/de\/wp-json\/wp\/v2\/media\/31964"}],"wp:attachment":[{"href":"https:\/\/euknow.it\/de\/wp-json\/wp\/v2\/media?parent=24359"}],"wp:term":[{"taxonomy":"category","embeddable":true,"href":"https:\/\/euknow.it\/de\/wp-json\/wp\/v2\/categories?post=24359"},{"taxonomy":"post_tag","embeddable":true,"href":"https:\/\/euknow.it\/de\/wp-json\/wp\/v2\/tags?post=24359"}],"curies":[{"name":"wp","href":"https:\/\/api.w.org\/{rel}","templated":true}]}}