{"id":20792,"date":"2020-02-04T00:00:00","date_gmt":"2020-02-04T00:00:00","guid":{"rendered":"https:\/\/www.guidaeuroprogettazione.eu\/quels-sont-les-effets-du-brexit-sur-les-projets-europeens\/"},"modified":"2025-01-10T16:27:29","modified_gmt":"2025-01-10T16:27:29","slug":"quels-sont-les-effets-du-brexit-sur-les-projets-europeens","status":"publish","type":"post","link":"https:\/\/euknow.it\/fr\/quels-sont-les-effets-du-brexit-sur-les-projets-europeens\/","title":{"rendered":"Quels sont les effets du Brexit sur les projets europ\u00e9ens ?"},"content":{"rendered":"\n<p>Nous poursuivons l&rsquo;analyse du processus de Brexit <a href=\"https:\/\/euknow.it\/brexit-2020-1\/\">entam\u00e9e dans un billet pr\u00e9c\u00e9dent<\/a> avec un \u00e9clairage int\u00e9ressant et opportun : quels seront, sur le plan op\u00e9rationnel, les <strong>effets du Brexit sur les projets europ\u00e9ens<\/strong>?<\/p>\n\n<p>La principale distinction pour r\u00e9pondre \u00e0 la question est entre <strong>une sortie sans accord entre le Royaume-Uni et l&rsquo;Union europ\u00e9enne<\/strong> (\"no deal\") et <strong>une sortie r\u00e9gie par un accord<\/strong> (pour l&rsquo;instant, nous consid\u00e9rons la version la plus r\u00e9cente de l&rsquo;accord d&rsquo;octobre 2019).<\/p>\n\n<p><!--more--><\/p>\n\n<h2 class=\"wp-block-heading\"><strong>Le cas d&rsquo;un Brexit sans accord<\/strong><\/h2>\n\n<p>Il est tr\u00e8s probable que les organisations britanniques soient consid\u00e9r\u00e9es comme des <strong>organisations de \"pays tiers\"<\/strong> d\u00e8s les projets en cours ou en cours de soumission.<\/p>\n\n<p>Un chef de file britannique risque donc de <strong>ne plus pouvoir b\u00e9n\u00e9ficier de financements et de subventions<\/strong> dans le cadre des programmes de l&rsquo;UE, ce qui pourrait poser des probl\u00e8mes \u00e0 l&rsquo;ensemble du partenariat.<\/p>\n\n<p>Des probl\u00e8mes similaires peuvent se poser pour les partenariats qui incluent une entit\u00e9 britannique, en particulier si les r\u00e8gles du programme <strong>limitent la participation<\/strong> aux \u00c9tats membres de l <strong>&lsquo;UE<\/strong> ou exigent <strong>un nombre minimum d&rsquo;organisations des \u00c9tats membres<\/strong> pour <strong>participer<\/strong>. A cet \u00e9gard, les r\u00e8gles peuvent changer en fonction des programmes et des appels d&rsquo;offres individuels.<\/p>\n\n<p>Toutefois, pour faire face \u00e0 cette \u00e9ventualit\u00e9 et pour les projets d\u00e9j\u00e0 en cours, le gouvernement britannique a mis en place un <a href=\"https:\/\/www.gov.uk\/government\/publications\/the-governments-guarantee-for-eu-funded-programmes-if-theres-no-brexit-deal\/the-governments-guarantee-for-eu-funded-programmes-if-theres-no-brexit-deal\" target=\"_blank\" rel=\"noopener\">fonds de garantie<\/a> pour <strong>couvrir les financements europ\u00e9ens qui seraient perdus avec le Brexit<\/strong> en cas de \"no deal\".<\/p>\n\n<p>Une<a href=\"https:\/\/www.gov.uk\/guidance\/european-and-domestic-funding-after-brexit\" target=\"_blank\" rel=\"noopener\">page sp\u00e9ciale<\/a> r\u00e9pertorie les services gouvernementaux responsables de la continuit\u00e9 du financement des diff\u00e9rents <a href=\"https:\/\/euknow.it\/guida\/guida-europrogettazione\/programmi-comunitari\/\">programmes de l&rsquo;UE<\/a> et les contacts (ou portails) des b\u00e9n\u00e9ficiaires. Des pages sp\u00e9cifiques sont consacr\u00e9es \u00e0 l&rsquo;enregistrement des personnes potentiellement int\u00e9ress\u00e9es par ce fonds de garantie : pour  <a href=\"https:\/\/apply-for-innovation-funding.service.gov.uk\/eu-grant\/overview\" target=\"_blank\" rel=\"noopener\">Horizon2020<\/a>, pour la  <a href=\"https:\/\/www.gov.uk\/government\/publications\/delivering-overseas-aid-programmes-if-theres-no-brexit-deal\" target=\"_blank\" rel=\"noopener\">Programmes de coop\u00e9ration avec les pays tiers<\/a>, pour d&rsquo;autres  Les programmes <a href=\"https:\/\/www.gov.uk\/guidance\/register-as-an-organisation-getting-funding-directly-from-the-eu\" target=\"_blank\" rel=\"noopener\">communautaires<\/a>, les <a href=\"https:\/\/www.gov.uk\/government\/publications\/european-territorial-cooperation-funding-if-theres-no-brexit-deal\" target=\"_blank\" rel=\"noopener\">programmes de coop\u00e9ration territoriale<\/a>, les fonds structurels<a href=\"https:\/\/www.gov.uk\/guidance\/european-social-fund-esf-after-brexit\" target=\"_blank\" rel=\"noopener\">(FSE<\/a> et <a href=\"https:\/\/www.gov.uk\/guidance\/european-regional-development-funding-erdf-after-brexit\" target=\"_blank\" rel=\"noopener\">FEDER<\/a>) et le financement du <a href=\"https:\/\/www.gov.uk\/government\/publications\/farm-payments-if-theres-no-brexit-deal\" target=\"_blank\" rel=\"noopener\">secteur agricole<\/a>.<\/p>\n\n<p>Nous vous recommandons \u00e9galement une page consacr\u00e9e aux <a href=\"https:\/\/www.gov.uk\/government\/publications\/uk-participation-in-horizon-2020-uk-government-overview\/uk-participation-in-horizon-2020-after-brexit#minimum-eligibility-requirement\" target=\"_blank\" rel=\"noopener\">effets<\/a> possibles <a href=\"https:\/\/www.gov.uk\/government\/publications\/uk-participation-in-horizon-2020-uk-government-overview\/uk-participation-in-horizon-2020-after-brexit#minimum-eligibility-requirement\" target=\"_blank\" rel=\"noopener\">du Brexit<\/a> sur les <strong>projets Horizon2020<\/strong>: utile (en dehors de ceux qui s&rsquo;int\u00e9ressent \u00e0 ce programme) en tant qu&rsquo;exemple pratique des crit\u00e8res qui pourraient \u00eatre appliqu\u00e9s \u00e0 n&rsquo;importe quelle ligne de financement.<\/p>\n\n<h2 class=\"wp-block-heading\"><strong>Le cas du Brexit \"r\u00e9glement\u00e9<\/strong><\/h2>\n\n<p>Si l&rsquo;on se r\u00e9f\u00e8re \u00e0 la <a href=\"https:\/\/eur-lex.europa.eu\/legal-content\/IT\/TXT\/PDF\/?uri=CELEX:12019W\/TXT(02)&amp;from=IT\" target=\"_blank\" rel=\"noopener\">version la plus r\u00e9cente de l&rsquo;<\/a> accord, la r\u00e9ponse est plus simple : en principe, les organisations britanniques pourront <strong>continuer \u00e0 participer normalement aux projets de <\/strong>la p\u00e9riode de programmation actuelle (2014-2020), tandis qu&rsquo;elles auront le <strong>statut d'\"organisations de pays tiers\" <\/strong>pour les projets de la p\u00e9riode de programmation suivante<strong>(2021-2027<\/strong>).<\/p>\n\n<p>A cet \u00e9gard, nous citons les articles suivants de l&rsquo;accord susmentionn\u00e9 :<\/p>\n\n<ul class=\"wp-block-list\">\n<li><em>\n  <strong>Article 137 <\/strong>\n<\/em>\"[&#8230;] les programmes et actions de l&rsquo;Union engag\u00e9s au titre du cadre financier pluriannuel pour la p\u00e9riode 2014-2020 (\"CFP 2014-2020&Prime;) ou des perspectives financi\u00e8res pr\u00e9c\u00e9dentes sont mis en \u0153uvre en 2019 et 2020 en ce qui concerne le Royaume-Uni conform\u00e9ment au droit de l&rsquo;Union applicable\" ;<\/li>\n<li><strong>\n  <em>Article 132<\/em>\n<\/strong> \"Le Royaume-Uni est consid\u00e9r\u00e9 comme un pays tiers aux fins de la mise en \u0153uvre des activit\u00e9s et des programmes de l&rsquo;Union engag\u00e9s au titre du cadre financier pluriannuel qui s&rsquo;applique \u00e0 partir de 2021.<\/li>\n<\/ul>\n\n<p>Il est probable que les dispositions g\u00e9n\u00e9rales de la prochaine p\u00e9riode de programmation, ainsi que les dispositions sp\u00e9cifiques des programmes et appels concern\u00e9s, contiendront une indication plus claire de l&rsquo;\u00e9ligibilit\u00e9 des organisations britanniques.<\/p>\n\n<p>Des <strong>accords de coop\u00e9ration sp\u00e9cifiques<\/strong> pourraient alors \u00eatre conclus <strong>avec le<\/strong> Royaume-Uni, \u00e0 l&rsquo;instar de ceux qui permettent aux pays de <a href=\"https:\/\/it.wikipedia.org\/wiki\/Associazione_europea_di_libero_scambio\" target=\"_blank\" rel=\"noopener\">l&rsquo;AELE<\/a>, de l&rsquo;<a href=\"https:\/\/it.wikipedia.org\/wiki\/Spazio_economico_europeo\" target=\"_blank\" rel=\"noopener\">EEE<\/a> et en <a href=\"https:\/\/it.wikipedia.org\/wiki\/Allargamento_dell%27Unione_europea#Candidati_ufficiali\" target=\"_blank\" rel=\"noopener\">phase de pr\u00e9adh\u00e9sion<\/a> de participer \u00e0 certains programmes europ\u00e9ens.<\/p>\n\n<p>En tout \u00e9tat de cause, dans l&rsquo;\u00e9tat actuel des choses, les <a href=\"https:\/\/ec.europa.eu\/info\/funding-tenders\/opportunities\/portal\/screen\/support\/faq;keywords=\/3269\" target=\"_blank\" rel=\"noopener\">indications de la Commission europ\u00e9enne<\/a> confirment qu&rsquo;il <strong>n&rsquo;y a pas de discrimination<\/strong> dans l&rsquo;\u00e9valuation des propositions sur la base de la nationalit\u00e9 (britannique) des proposants et des consid\u00e9rations li\u00e9es au Brexit.<\/p>\n\n<p>Bien s\u00fbr, tout cela complique le travail de ceux qui travaillent et d\u00e9veloppent des projets avec des organisations au Royaume-Uni&#8230; mais nous esp\u00e9rons que ces explications vous rassureront et vous aideront \u00e0 surmonter les premiers obstacles !<\/p>\n\n<p>Europlanning Guide vous tiendra au courant des prochains <strong>d\u00e9veloppements du Brexit en vue de participer aux appels \u00e0 projets de l&rsquo;UE<\/strong>!<\/p>\n","protected":false},"excerpt":{"rendered":"<p>Nous poursuivons l&rsquo;analyse du processus de Brexit entam\u00e9e dans un billet pr\u00e9c\u00e9dent avec un \u00e9clairage int\u00e9ressant et opportun : quels seront, sur le plan op\u00e9rationnel, les effets du Brexit sur les projets europ\u00e9ens? La principale distinction pour r\u00e9pondre \u00e0 la question est entre une sortie sans accord entre le Royaume-Uni et l&rsquo;Union europ\u00e9enne (\"no deal\") [&hellip;]<\/p>\n","protected":false},"author":3,"featured_media":29980,"comment_status":"open","ping_status":"open","sticky":false,"template":"","format":"standard","meta":{"_acf_changed":false,"inline_featured_image":false,"footnotes":""},"categories":[743],"tags":[],"class_list":["post-20792","post","type-post","status-publish","format-standard","has-post-thumbnail","hentry","category-archives-archives"],"acf":[],"_links":{"self":[{"href":"https:\/\/euknow.it\/fr\/wp-json\/wp\/v2\/posts\/20792","targetHints":{"allow":["GET"]}}],"collection":[{"href":"https:\/\/euknow.it\/fr\/wp-json\/wp\/v2\/posts"}],"about":[{"href":"https:\/\/euknow.it\/fr\/wp-json\/wp\/v2\/types\/post"}],"author":[{"embeddable":true,"href":"https:\/\/euknow.it\/fr\/wp-json\/wp\/v2\/users\/3"}],"replies":[{"embeddable":true,"href":"https:\/\/euknow.it\/fr\/wp-json\/wp\/v2\/comments?post=20792"}],"version-history":[{"count":0,"href":"https:\/\/euknow.it\/fr\/wp-json\/wp\/v2\/posts\/20792\/revisions"}],"wp:featuredmedia":[{"embeddable":true,"href":"https:\/\/euknow.it\/fr\/wp-json\/wp\/v2\/media\/29980"}],"wp:attachment":[{"href":"https:\/\/euknow.it\/fr\/wp-json\/wp\/v2\/media?parent=20792"}],"wp:term":[{"taxonomy":"category","embeddable":true,"href":"https:\/\/euknow.it\/fr\/wp-json\/wp\/v2\/categories?post=20792"},{"taxonomy":"post_tag","embeddable":true,"href":"https:\/\/euknow.it\/fr\/wp-json\/wp\/v2\/tags?post=20792"}],"curies":[{"name":"wp","href":"https:\/\/api.w.org\/{rel}","templated":true}]}}