{"id":20950,"date":"2020-05-06T00:00:00","date_gmt":"2020-05-06T00:00:00","guid":{"rendered":"https:\/\/www.guidaeuroprogettazione.eu\/70-ans-deurope-organisons-un-webinaire\/"},"modified":"2025-01-10T16:27:48","modified_gmt":"2025-01-10T16:27:48","slug":"70-ans-deurope-organisons-un-webinaire","status":"publish","type":"post","link":"https:\/\/euknow.it\/fr\/70-ans-deurope-organisons-un-webinaire\/","title":{"rendered":"70 ans d&rsquo;Europe : organisons un webinaire !"},"content":{"rendered":"\n<p>Comme vous le savez certainement, l&rsquo;Europe sera en f\u00eate dans quelques jours : le <strong>9 mai<\/strong> de chaque ann\u00e9e est la <a href=\"https:\/\/europa.eu\/european-union\/about-eu\/symbols\/europe-day_it\" target=\"_blank\" rel=\"noopener\">Journ\u00e9e de l&rsquo;Europe<\/a>, en souvenir du 9 mai 1950, date \u00e0 laquelle le <strong>ministre fran\u00e7ais des affaires \u00e9trang\u00e8res Robert Schuman<\/strong> a fait <a href=\"https:\/\/europa.eu\/european-union\/about-eu\/symbols\/europe-day\/schuman-declaration_it\" target=\"_blank\" rel=\"noopener\">une c\u00e9l\u00e8bre d\u00e9claration<\/a> annon\u00e7ant la cr\u00e9ation du projet europ\u00e9en.<\/p>\n\n<p>De nombreux \u00e9l\u00e9ments de cette d\u00e9claration restent d&rsquo;une br\u00fblante actualit\u00e9 : seule une <strong>Europe unie, pacifique et solidaire<\/strong> est en mesure de r\u00e9pondre et de contribuer aux grands d\u00e9fis mondiaux, il y a soixante-dix ans comme aujourd&rsquo;hui.<\/p>\n\n<p><!--more--><\/p>\n\n<p>Oui, soixante-dix ans ont d\u00e9j\u00e0 pass\u00e9 : la date du 9 mai 2020 est donc doublement significative, car elle marque la fin d&rsquo;une d\u00e9cennie, \u00e0 un moment o\u00f9 les d\u00e9fis mondiaux susmentionn\u00e9s sont particuli\u00e8rement \u00e9vidents.<\/p>\n\n<p>Nous voudrions tout d&rsquo;abord c\u00e9l\u00e9brer cet \u00e9v\u00e9nement en citant une phrase de la <strong>d\u00e9claration Schuman<\/strong>, l&rsquo;une des nombreuses phrases particuli\u00e8rement significatives de son discours, tr\u00e8s court mais historique :<\/p>\n\n<blockquote class=\"wp-block-quote is-layout-flow wp-block-quote-is-layout-flow\">\n<p><strong>\"L&rsquo;Europe ne se fait pas d&rsquo;un coup, elle ne se construit pas d&rsquo;un coup, elle na\u00eet de r\u00e9alisations concr\u00e8tes qui cr\u00e9ent d&rsquo;abord une solidarit\u00e9 de fait.<\/strong><\/p>\n<cite>Robert Schuman<\/cite><\/blockquote>\n\n<p>\u00a0<\/p>\n\n<p>La situation en Europe et dans le monde, caract\u00e9ris\u00e9e par l&rsquo;impact du <a href=\"\/?tag=coronavirus\">coronavirus<\/a> sur nos vies et nos pays, ne se pr\u00eate pas \u00e0 des c\u00e9l\u00e9brations massives cette ann\u00e9e.<\/p>\n\n<p>Cependant, les institutions europ\u00e9ennes souhaitent d\u00e9dier cette journ\u00e9e \u00e0 la contribution de nombreux citoyens europ\u00e9ens dans la lutte contre l&rsquo;urgence, \u00e0 <a href=\"https:\/\/www.europarl.europa.eu\/europeans-against-covid19\/\" target=\"_blank\" rel=\"noopener\">travers une s\u00e9rie de t\u00e9moignages passionnants<\/a>. Une solidarit\u00e9 de fait, une Europe qui se construit peu \u00e0 peu, dans des conditions difficiles et par des r\u00e9alisations concr\u00e8tes : quelle meilleure fa\u00e7on de c\u00e9l\u00e9brer aujourd&rsquo;hui le 70e anniversaire de la <strong>d\u00e9claration Schuman<\/strong>?<\/p>\n\n<p>Mais les t\u00e9moignages et les initiatives concr\u00e8tes ne s&rsquo;arr\u00eatent pas l\u00e0.<\/p>\n\n<p><a href=\"https:\/\/ec.europa.eu\/italy\/\" target=\"_blank\" rel=\"noopener\">Le site de la repr\u00e9sentation de la Commission europ\u00e9enne en Italie<\/a> consacre une large place aux initiatives de l&rsquo;Union europ\u00e9enne en mati\u00e8re de lutte contre le coronavirus, en mettant l&rsquo;accent sur les r\u00e9sultats obtenus sur notre territoire.<\/p>\n\n<p>Le site ne figure pas parmi les sources que nous avons mentionn\u00e9es jusqu&rsquo;\u00e0 pr\u00e9sent<a href=\"https:\/\/euknow.it\/i-bandi-ue-al-tempo-del-covid\/\">(1<\/a> | <a href=\"https:\/\/euknow.it\/ue-emergenza-coronavirus-covid-19-2\/\">2<\/a> | <a href=\"https:\/\/euknow.it\/fr\/comment-la-philanthropie-europeenne-repond-elle-a-lurgence-du-coronavirus\/#more-3465\">3<\/a> | <a href=\"https:\/\/euknow.it\/in-che-modo-lunione-europea-sta-rispondendo-allemergenza-coronavirus\/\">4<\/a>), mais il dispose d&rsquo;une <a href=\"https:\/\/ec.europa.eu\/italy\/news_it\" target=\"_blank\" rel=\"noopener\">section d&rsquo;actualit\u00e9s qui est mise \u00e0 jour<\/a> quotidiennement avec des informations concernant (entre autres) la <strong>lutte contre Covid-19<\/strong> dans notre pays. Nous pouvons revenir ici sur certains des points analys\u00e9s dans nos interventions les plus r\u00e9centes directement consacr\u00e9es \u00e0 ce sujet<a href=\"https:\/\/euknow.it\/i-bandi-ue-al-tempo-del-covid\/\">(1<\/a> | <a href=\"https:\/\/euknow.it\/ue-emergenza-coronavirus-covid-19-2\/\">2<\/a>).<\/p>\n\n<p>\u00c0 l&rsquo;occasion de la <strong>Journ\u00e9e de l&rsquo;Europe<\/strong>, les institutions europ\u00e9ennes en Italie et les d\u00e9put\u00e9s europ\u00e9ens retracent avec les \u00e9tudiants les grandes \u00e9tapes de l&rsquo;histoire de l&rsquo;Union europ\u00e9enne et le travail des institutions europ\u00e9ennes : plus proches des citoyens qu&rsquo;on ne le croit g\u00e9n\u00e9ralement. L&rsquo;\u00e9v\u00e9nement, intitul\u00e9 \"<a href=\"https:\/\/ec.europa.eu\/italy\/events\/20200505_festa_dell_europa_live_chat_con_studenti_e_eurodeputati_a_70_anni_della_dichiarazione_schuman_it\" target=\"_blank\" rel=\"noopener\">Journ\u00e9e de l&rsquo;Europe. Les \u00e9coles d&rsquo;Italie, les chemins de l&rsquo;Europe\".<\/a>  est accueilli par la plateforme num\u00e9rique de <a href=\"http:\/\/www.skuola.net\/tv\/\" target=\"_blank\" rel=\"noopener\">Skuola.Net<\/a> <strong>demain, 7 mai, \u00e0 11 heures<\/strong>.<\/p>\n\n<p>Le lendemain (vendredi 8 mai \u00e0 11h30), le <a href=\"http:\/\/www.cittametropolitana.torino.it\/cms\/europa-e-cooperazione\/europe-direct\" target=\"_blank\" rel=\"noopener\">centre EuropeDirect de Turin<\/a> propose une conf\u00e9rence intitul\u00e9e<a href=\"https:\/\/unito.webex.com\/mw3300\/mywebex\/default.do?nomenu=true&amp;siteurl=unito&amp;service=6&amp;rnd=0.35853995239981984&amp;main_url=https%3A%2F%2Funito.webex.com%2Fec3300%2Feventcenter%2Fevent%2FeventAction.do%3FtheAction%3Ddetail%26%26%26EMK%3D4832534b000000049ab2ba85d70f4d36635949e549c5c653955a7d15adaa2f8250f40c105d681ca3%26siteurl%3Dunito%26confViewID%3D159766736442236860%26encryptTicket%3DSDJTSwAAAARjSsBthC_hMiQfnD9fWq7NYH2DT1AivJpQKo1pFYvJ7Q2%26\" target=\"_blank\" rel=\"noopener\">\"Recovery Europe - no one can do it alone<\/a>\", organis\u00e9e via <strong>Webex <\/strong>en coop\u00e9ration avec l&rsquo;<strong>universit\u00e9 de Turin<\/strong>.<\/p>\n\n<p>Intervenants : <strong>Massimo Gaudina<\/strong> (chef de la repr\u00e9sentation de la Commission europ\u00e9enne \u00e0 Milan), <strong>Maurizio Molinari<\/strong> (chef de la repr\u00e9sentation du Parlement europ\u00e9en \u00e0 Milan) et <strong>Marco Zatterin<\/strong> (r\u00e9dacteur en chef adjoint de La Stampa).<\/p>\n\n<p>L&rsquo;\u00e9v\u00e9nement est organis\u00e9 dans le cadre d&rsquo;une \u00e9tude r\u00e9cemment lanc\u00e9e, intitul\u00e9e \"Les mots pour comprendre l&rsquo;Europe\".<em>\n  <strong>Les mots pour comprendre l&rsquo;Europe<\/strong>\n<\/em>\"Vous pouvez consulter le site web d&rsquo;<a href=\"http:\/\/www.cittametropolitana.torino.it\/cms\/europa-e-cooperazione\/europe-direct\" target=\"_blank\" rel=\"noopener\">EuropeDirect Torino<\/a> pour plus d&rsquo;informations sur les rendez-vous et les mises \u00e0 jour.<\/p>\n\n<p>L&rsquo;<a href=\"https:\/\/www.youtube.com\/watch?v=_YWNxmxF0UM\" target=\"_blank\" rel=\"noopener\">expos\u00e9 de Massimo Gaudina sur la r\u00e9ponse de l&rsquo;UE au coronavirus<\/a> et les <a href=\"http:\/\/www.cittametropolitana.torino.it\/cms\/risorse\/europa\/dwd\/europe_direct\/RISPOSTA_UE_CORONAVIRUS_scuole.pdf\" target=\"_blank\" rel=\"noopener\">diapositives correspondantes<\/a> sont d\u00e9j\u00e0 disponibles en ligne.<\/p>\n\n<p><strong>Bonne journ\u00e9e de l&rsquo;Europe \u00e0 tous<\/strong>, au nom de la solidarit\u00e9 et de l&rsquo;approfondissement !<\/p>\n","protected":false},"excerpt":{"rendered":"<p>Comme vous le savez certainement, l&rsquo;Europe sera en f\u00eate dans quelques jours : le 9 mai de chaque ann\u00e9e est la Journ\u00e9e de l&rsquo;Europe, en souvenir du 9 mai 1950, date \u00e0 laquelle le ministre fran\u00e7ais des affaires \u00e9trang\u00e8res Robert Schuman a fait une c\u00e9l\u00e8bre d\u00e9claration annon\u00e7ant la cr\u00e9ation du projet europ\u00e9en. De nombreux \u00e9l\u00e9ments [&hellip;]<\/p>\n","protected":false},"author":3,"featured_media":30006,"comment_status":"open","ping_status":"open","sticky":false,"template":"","format":"standard","meta":{"_acf_changed":false,"inline_featured_image":false,"footnotes":""},"categories":[743],"tags":[],"class_list":["post-20950","post","type-post","status-publish","format-standard","has-post-thumbnail","hentry","category-archives-archives"],"acf":[],"_links":{"self":[{"href":"https:\/\/euknow.it\/fr\/wp-json\/wp\/v2\/posts\/20950","targetHints":{"allow":["GET"]}}],"collection":[{"href":"https:\/\/euknow.it\/fr\/wp-json\/wp\/v2\/posts"}],"about":[{"href":"https:\/\/euknow.it\/fr\/wp-json\/wp\/v2\/types\/post"}],"author":[{"embeddable":true,"href":"https:\/\/euknow.it\/fr\/wp-json\/wp\/v2\/users\/3"}],"replies":[{"embeddable":true,"href":"https:\/\/euknow.it\/fr\/wp-json\/wp\/v2\/comments?post=20950"}],"version-history":[{"count":0,"href":"https:\/\/euknow.it\/fr\/wp-json\/wp\/v2\/posts\/20950\/revisions"}],"wp:featuredmedia":[{"embeddable":true,"href":"https:\/\/euknow.it\/fr\/wp-json\/wp\/v2\/media\/30006"}],"wp:attachment":[{"href":"https:\/\/euknow.it\/fr\/wp-json\/wp\/v2\/media?parent=20950"}],"wp:term":[{"taxonomy":"category","embeddable":true,"href":"https:\/\/euknow.it\/fr\/wp-json\/wp\/v2\/categories?post=20950"},{"taxonomy":"post_tag","embeddable":true,"href":"https:\/\/euknow.it\/fr\/wp-json\/wp\/v2\/tags?post=20950"}],"curies":[{"name":"wp","href":"https:\/\/api.w.org\/{rel}","templated":true}]}}