{"id":21144,"date":"2021-02-08T00:00:00","date_gmt":"2021-02-08T01:00:00","guid":{"rendered":"https:\/\/www.guidaeuroprogettazione.eu\/programmation-2014-2020-quelle-est-sa-duree-de-validite-et-quand-commence-la-nouvelle-programmation\/"},"modified":"2026-01-28T13:25:29","modified_gmt":"2026-01-28T14:25:29","slug":"programmation-2014-2020-quelle-est-sa-duree-de-validite-et-quand-commence-la-nouvelle-programmation","status":"publish","type":"post","link":"https:\/\/euknow.it\/fr\/programmation-2014-2020-quelle-est-sa-duree-de-validite-et-quand-commence-la-nouvelle-programmation\/","title":{"rendered":"Programmation 2014-2020 : quelle est sa dur\u00e9e de validit\u00e9 et quand commence la nouvelle programmation ?"},"content":{"rendered":"\n<p>A l&rsquo;heure o\u00f9 l&rsquo;on parle beaucoup de la nouvelle programmation - mais o\u00f9 les appels d&rsquo;offres respectifs ne sont pas encore lanc\u00e9s, une question se pose : faut-il se pr\u00e9parer \u00e0 une interruption de quelques mois dans le lancement des appels d&rsquo;offres et des projets europ\u00e9ens ? Bien s\u00fbr que non : voyons pourquoi.<\/p>\n\n<p><!--more--><\/p>\n\n<div class=\"wp-block-spacer\" style=\"height: 20px;\" aria-hidden=\"true\">\u00a0<\/div>\n\n<h2 class=\"wp-block-heading\">Programmation europ\u00e9enne <strong>2021-2027 : encore un peu d&rsquo;attente<\/strong><\/h2>\n\n<p>Bien que le nouveau cadre financier pluriannuel ait \u00e9t\u00e9 approuv\u00e9, la version finale et officielle des r\u00e8glements des diff\u00e9rents programmes et fonds europ\u00e9ens n&rsquo;est pas encore disponible. Des <a href=\"https:\/\/euknow.it\/guida\/per-orientarsi\/prospetto-programmi-europei-2021-2027\/\">projets tr\u00e8s avanc\u00e9s<\/a> existent d\u00e9j\u00e0, un <a href=\"https:\/\/euknow.it\/programmazione-2021-2027\/\">accord de principe<\/a> a \u00e9t\u00e9 conclu, mais les derni\u00e8res \u00e9tapes officielles manquent. Les nouveaux plans de travail et appels ne pourront \u00eatre lanc\u00e9s qu&rsquo;une fois que la base juridique des programmes europ\u00e9ens 2021-2027 aura \u00e9t\u00e9 formalis\u00e9e. <a href=\"https:\/\/euknow.it\/programmazione-2021-2027\/\">Entre autres<\/a>, la ratification de la d\u00e9cision relative aux ressources propres par les parlements nationaux est encore n\u00e9cessaire - une confirmation officielle (mais pas \u00e9vidente) des fonds r\u00e9ellement disponibles pour la mise en \u0153uvre des programmes.  <\/p>\n\n<p>Cette situation peut se produire au d\u00e9but d&rsquo;une p\u00e9riode de sept ans, en raison du calendrier du d\u00e9bat politique et des <a href=\"https:\/\/euknow.it\/fr\/par-qui-et-comment-le-budget-de-lue-est-il-defini\/\">proc\u00e9dures n\u00e9cessaires<\/a> \u00e0 l&rsquo;approbation du budget de l&rsquo;UE et \u00e0 l&rsquo;architecture des fonds europ\u00e9ens.<\/p>\n\n<div class=\"wp-block-spacer\" style=\"height: 20px;\" aria-hidden=\"true\">\u00a0<\/div>\n\n<h2 class=\"wp-block-heading\">Quels sont les <strong>d\u00e9lais pour les programmes de l&rsquo;UE<\/strong>?<\/h2>\n\n<p>En ce qui concerne les programmes et les fonds de l&rsquo;UE g\u00e9r\u00e9s directement, un processus de planification et de programmation est d\u00e9j\u00e0 en cours au niveau de la Commission europ\u00e9enne. Les plans strat\u00e9giques et les programmes de travail pour les principaux programmes de l&rsquo;UE (tels que<a href=\"https:\/\/ec.europa.eu\/info\/horizon-europe_en#timeline\" target=\"_blank\" rel=\"noreferrer noopener\">Horizon Europe<\/a>) devraient \u00eatre disponibles (\u00e0 titre indicatif - et respectivement) \u00e0 partir de f\u00e9vrier et d&rsquo;avril. Elle sera suivie par la publication des appels d&rsquo;offres pour la nouvelle p\u00e9riode de programmation.<\/p>\n\n<div class=\"wp-block-spacer\" style=\"height: 20px;\" aria-hidden=\"true\">\u00a0<\/div>\n\n<h2 class=\"wp-block-heading\">Quels sont les <strong>calendriers des Fonds structurels<\/strong>?<\/h2>\n\n<p><a href=\"https:\/\/euknow.it\/fr\/fonds-structurels-dernieres-nouvelles-et-perspectives\/\">Comme nous l&rsquo;avons d\u00e9j\u00e0 mentionn\u00e9<\/a>, le processus de mise en \u0153uvre des Fonds structurels comprend la finalisation et l&rsquo;approbation en tant qu&rsquo;\u00e9tapes ult\u00e9rieures :<\/p>\n\n<ul class=\"wp-block-list\">\n<li>d&rsquo;un accord de partenariat entre chaque pays et la Commission europ\u00e9enne,<\/li>\n<li>d&rsquo;un accord entre l&rsquo;\u00c9tat et les r\u00e9gions sur la r\u00e9partition des fonds,<\/li>\n<li>d&rsquo;un document strat\u00e9gique pour chaque r\u00e9gion et enfin,<\/li>\n<li>des POR et des PON, dont d\u00e9coule la programmation effective des Fonds structurels aux niveaux r\u00e9gional et national.<\/li>\n<\/ul>\n\n<p>Le site web d&rsquo;<a href=\"https:\/\/opencoesione.gov.it\/it\/lavori_preparatori_2021_2027\/\" target=\"_blank\" rel=\"noreferrer noopener\">OpenCoesione<\/a> permet de suivre<a href=\"https:\/\/euknow.it\/fr\/quelle-est-la-capacite-dabsorption-des-fonds-europeens-et-ou-en-sommes-nous\/\">(entre autres<\/a>) le d\u00e9roulement de ces \u00e9tapes. Les derni\u00e8res mises \u00e0 jour concernent la n\u00e9gociation de l&rsquo;accord de partenariat, les conditions d&rsquo;habilitation pour la gestion des fonds, les aspects strat\u00e9giques et th\u00e9matiques de la n\u00e9gociation en cours et ses aspects financiers.<\/p>\n\n<p>Il faudra donc attendre encore quelques mois avant de pouvoir r\u00e9ellement travailler sur les programmes et les projets de ce nouveau septennat : <a href=\"https:\/\/euknow.it\/fr\/bonne-annee-nextgenerationeu\/\">comme nous l&rsquo;avons d\u00e9j\u00e0 mentionn\u00e9<\/a>, la disponibilit\u00e9 m\u00eame des fonds de NextGenerationEU, bien que consid\u00e9r\u00e9e comme une priorit\u00e9, ne se concr\u00e9tisera pas avant la fin du printemps.<\/p>\n\n<div class=\"wp-block-spacer\" style=\"height: 20px;\" aria-hidden=\"true\">\u00a0<\/div>\n\n<h2 class=\"wp-block-heading\">Programmes europ\u00e9ens <strong>2014-2020 : il est encore temps de<\/strong> participer<\/h2>\n\n<p>D&rsquo;autre part, la p\u00e9riode des appels et des projets de l&rsquo;ancienne programmation 2014-2020 n&rsquo;est pas encore termin\u00e9e.<\/p>\n\n<p>Comme nous l&rsquo;<a href=\"https:\/\/euknow.it\/i-bandi-dellinverno-2\/\">avons d\u00e9j\u00e0 vu<\/a>, un certain nombre d&rsquo;appels d&rsquo;offres sont encore ouverts pour les <strong>programmes en gestion directe, qui<\/strong> <a href=\"https:\/\/ec.europa.eu\/info\/funding-tenders\/opportunities\/portal\/screen\/opportunities\/topic-search;callCode=null;freeTextSearchKeyword=;matchWholeText=true;typeCodes=1,2;statusCodes=31094501,31094502;programmePeriod=2014%20-%202020;programCcm2Id=null;programDivisionCode=null;focusAreaCode=null;geographicalZonesCode=null;programmeDivisionProspect=null;startDateLte=null;startDateGte=null;crossCuttingPriorityCode=null;cpvCode=null;performanceOfDelivery=null;sortQuery=deadlineDate;orderBy=desc;onlyTenders=false;topicListKey=topicSearchTablePageState\" target=\"_blank\" rel=\"noreferrer noopener\">peuvent \u00eatre consult\u00e9s directement<\/a> sur le principal \"portail d&rsquo;appels\" de la Commission europ\u00e9enne.<\/p>\n\n<p>En ce qui concerne les <strong>Fonds structurels<\/strong>, le <a href=\"https:\/\/eur-lex.europa.eu\/legal-content\/IT\/TXT\/PDF\/?uri=CELEX:32013R1303&amp;from=IT\" target=\"_blank\" rel=\"noreferrer noopener\">r\u00e8glement<\/a> pr\u00e9voit que les d\u00e9penses sont \u00e9ligibles <em>\"si elles ont \u00e9t\u00e9 encourues par un b\u00e9n\u00e9ficiaire et pay\u00e9es entre la date de pr\u00e9sentation du programme \u00e0 la Commission ou le 1er janvier 2014, la date la plus proche \u00e9tant retenue, et le 31 d\u00e9cembre 2023&Prime;<\/em>. Ainsi, la <strong>r\u00e8gle<\/strong> dite <strong>\"n+3&Prime;<\/strong> s&rsquo;applique <strong>:<\/strong> les activit\u00e9s du projet peuvent \u00eatre financ\u00e9es jusqu&rsquo;\u00e0 la troisi\u00e8me ann\u00e9e apr\u00e8s la fin de la p\u00e9riode de programmation. Pour cela, il faut bien s\u00fbr que les appels d&rsquo;offres soient lanc\u00e9s - et les projets \u00e9valu\u00e9s, lanc\u00e9s et ex\u00e9cut\u00e9s - suffisamment \u00e0 l&rsquo;avance.<\/p>\n\n<div class=\"wp-block-spacer\" style=\"height: 20px;\" aria-hidden=\"true\">\u00a0<\/div>\n\n<h2 class=\"wp-block-heading\"><strong>En conclusion : soyons pr\u00eats !<\/strong><\/h2>\n\n<p>En 2021, nous aurons donc une situation interm\u00e9diaire, typique du d\u00e9but de chaque p\u00e9riode de programmation : les anciens programmes seront \u00e9puis\u00e9s, tandis que les nouveaux seront progressivement lanc\u00e9s.<\/p>\n\n<p>Notre guide conservera donc pendant un certain temps des informations sur la p\u00e9riode de programmation 2014-2020, qui seront ensuite archiv\u00e9es. Nous travaillons d\u00e9j\u00e0 \u00e0 la publication d&rsquo;informations sur la nouvelle p\u00e9riode 2021-2027 d\u00e8s que possible.<\/p>\n\n<p>En attendant, une <a href=\"https:\/\/euknow.it\/nuova-programmazione-2021-2027\/\">section d\u00e9di\u00e9e du<\/a> Guide permet \u00e0 nos lecteurs de suivre en direct cette p\u00e9riode de transition.<\/p>\n\n<p>Continuez \u00e0 nous suivre !<\/p>\n","protected":false},"excerpt":{"rendered":"<p>A l&rsquo;heure o\u00f9 l&rsquo;on parle beaucoup de la nouvelle programmation - mais o\u00f9 les appels d&rsquo;offres respectifs ne sont pas encore lanc\u00e9s, une question se pose : faut-il se pr\u00e9parer \u00e0 une interruption de quelques mois dans le lancement des appels d&rsquo;offres et des projets europ\u00e9ens ? Bien s\u00fbr que non : voyons pourquoi.<\/p>\n","protected":false},"author":3,"featured_media":30067,"comment_status":"open","ping_status":"open","sticky":false,"template":"","format":"standard","meta":{"_acf_changed":false,"inline_featured_image":false,"footnotes":""},"categories":[2197,743],"tags":[2381,2204],"class_list":["post-21144","post","type-post","status-publish","format-standard","has-post-thumbnail","hentry","category-archives-actualites","category-archives-archives","tag-comment-faire-sorganiser-pour","tag-faq"],"acf":[],"_links":{"self":[{"href":"https:\/\/euknow.it\/fr\/wp-json\/wp\/v2\/posts\/21144","targetHints":{"allow":["GET"]}}],"collection":[{"href":"https:\/\/euknow.it\/fr\/wp-json\/wp\/v2\/posts"}],"about":[{"href":"https:\/\/euknow.it\/fr\/wp-json\/wp\/v2\/types\/post"}],"author":[{"embeddable":true,"href":"https:\/\/euknow.it\/fr\/wp-json\/wp\/v2\/users\/3"}],"replies":[{"embeddable":true,"href":"https:\/\/euknow.it\/fr\/wp-json\/wp\/v2\/comments?post=21144"}],"version-history":[{"count":5,"href":"https:\/\/euknow.it\/fr\/wp-json\/wp\/v2\/posts\/21144\/revisions"}],"predecessor-version":[{"id":41099,"href":"https:\/\/euknow.it\/fr\/wp-json\/wp\/v2\/posts\/21144\/revisions\/41099"}],"wp:featuredmedia":[{"embeddable":true,"href":"https:\/\/euknow.it\/fr\/wp-json\/wp\/v2\/media\/30067"}],"wp:attachment":[{"href":"https:\/\/euknow.it\/fr\/wp-json\/wp\/v2\/media?parent=21144"}],"wp:term":[{"taxonomy":"category","embeddable":true,"href":"https:\/\/euknow.it\/fr\/wp-json\/wp\/v2\/categories?post=21144"},{"taxonomy":"post_tag","embeddable":true,"href":"https:\/\/euknow.it\/fr\/wp-json\/wp\/v2\/tags?post=21144"}],"curies":[{"name":"wp","href":"https:\/\/api.w.org\/{rel}","templated":true}]}}