{"id":21151,"date":"2021-03-18T00:00:00","date_gmt":"2021-03-18T00:00:00","guid":{"rendered":"https:\/\/www.guidaeuroprogettazione.eu\/fondation-cariverona-et-guide-europlanning-un-projet-commun\/"},"modified":"2025-01-10T16:29:17","modified_gmt":"2025-01-10T16:29:17","slug":"fondation-cariverona-et-guide-europlanning-un-projet-commun","status":"publish","type":"post","link":"https:\/\/euknow.it\/fr\/fondation-cariverona-et-guide-europlanning-un-projet-commun\/","title":{"rendered":"Fondation Cariverona et Guide Europlanning : un projet commun"},"content":{"rendered":"\n<p>L&rsquo;\u00e9quipe qui soutient le guide Europlanning est de plus en plus large et riche en sensibilit\u00e9 et en expertise. D\u00e9couvrons ensemble la Fondation Cariverona.<\/p>\n\n<p><!--more--><\/p>\n\n<div class=\"wp-block-spacer\" style=\"height: 20px;\" aria-hidden=\"true\">\u00a0<\/div>\n\n<h2 class=\"wp-block-heading\"><strong>Le guide Europlanning, une grande famille<\/strong><\/h2>\n\n<p>L&rsquo;objectif du Guide Europlanning est de rapprocher les territoires italiens de l&rsquo;Europe (et vice versa), en fournissant des informations et un soutien pour renforcer les comp\u00e9tences et cr\u00e9er des opportunit\u00e9s de d\u00e9veloppement. C&rsquo;est un objectif que nous partageons avec nos partenaires, qui sont de plus en plus nombreux. D\u00e9couvrons-le ensemble : le guide Europlanning n&rsquo;est qu&rsquo;un aspect de leurs efforts. Nous vous pr\u00e9sentons aujourd&rsquo;hui la <strong>Fondation Cariverona<\/strong>.<\/p>\n\n<div class=\"wp-block-spacer\" style=\"height: 20px;\" aria-hidden=\"true\">\u00a0<\/div>\n\n<h2 class=\"wp-block-heading\"><strong>Une grande base pour un grand territoire<\/strong><\/h2>\n\n<p>Le travail de la Fondation Cariverona couvre une zone d&rsquo;influence de pr\u00e8s de  <strong>trois millions  <\/strong>des personnes vivant dans les cinq provinces de  <strong>V\u00e9rone, Vicence, Belluno, Anc\u00f4ne  <\/strong>e<strong>  Mantoue.<\/strong>  Un processus continu d&rsquo;\u00e9coute, de dialogue et de confrontation au niveau local et international permet \u00e0 la Fondation Cariverona de maintenir un lien fort avec les r\u00e9alit\u00e9s qui se vivent au quotidien sur son territoire, qui est vaste et s&rsquo;\u00e9tend sur trois r\u00e9gions diff\u00e9rentes.<\/p>\n\n<div class=\"wp-block-spacer\" style=\"height: 20px;\" aria-hidden=\"true\">\u00a0<\/div>\n\n<h2 class=\"wp-block-heading\"><strong>La Fondation Cariverona et le Guide Europlanning : une mission commune<\/strong><\/h2>\n\n<p>Depuis 1991, la Fondation a soutenu quelque <strong>23 000 initiatives<\/strong>, pour un montant total de plus de <strong>1 760 millions d&rsquo;euros<\/strong>, avec un fil conducteur : l&rsquo;id\u00e9e de<strong>\"renforcer les capacit\u00e9s\"<\/strong> pour relever avec succ\u00e8s les grands d\u00e9fis sociaux. Une vision qui promeut l&rsquo;\u00e9nergie et la valeur des organisations, des femmes et des hommes qui agissent, planifient et travaillent en r\u00e9seau sur ses territoires. Une mission que le Guide Europlanning reprend et poursuit \u00e9galement, jour apr\u00e8s jour et \"page\" apr\u00e8s \"page\".<\/p>\n\n<div class=\"wp-block-spacer\" style=\"height: 20px;\" aria-hidden=\"true\">\u00a0<\/div>\n\n<h2 class=\"wp-block-heading\"><strong>La Fondation Cariverona, un partenariat naturel avec le Guide Europlanning<\/strong><\/h2>\n\n<p>Comme d&rsquo;autres fondations d&rsquo;origine bancaire et surtout dans le cadre du <a href=\"https:\/\/euknow.it\/categorie\/programmazione-2021-2027\/\">nouveau programme europ\u00e9en 2021-2027<\/a>, la Fondation Cariverona est une plaque tournante des relations entre le territoire et les programmes europ\u00e9ens. La Fondation Cariverona facilite le d\u00e9veloppement de partenariats public-priv\u00e9 et (par le biais du Guide) l&rsquo;acc\u00e8s aux connaissances n\u00e9cessaires pour rapprocher les organisations du troisi\u00e8me secteur de la planification europ\u00e9enne.  <\/p>\n\n<p>Ce r\u00f4le s&rsquo;inscrit parfaitement dans les <a href=\"https:\/\/www.fondazionecariverona.org\/documenti-programmatici\/\" target=\"_blank\" rel=\"noreferrer noopener\">3 objectifs strat\u00e9giques actuels<\/a> de la Fondation Cariverona, qui sont eux-m\u00eames align\u00e9s sur les <a href=\"https:\/\/euknow.it\/fr\/quest-ce-que-les-objectifs-de-developpement-durable-odd\/\">Objectifs de d\u00e9veloppement durable<\/a> de l&rsquo;Agenda 2030 :<\/p>\n\n<ol class=\"wp-block-list\">\n<li><a href=\"https:\/\/www.fondazionecariverona.org\/documenti-programmatici\/ambiente-e-territorio\/\" target=\"_blank\" rel=\"noreferrer noopener\">Protection, entretien de l&rsquo;environnement et am\u00e9nagement du territoire<\/a>;<\/li>\n<li><a href=\"https:\/\/www.fondazionecariverona.org\/documenti-programmatici\/capitale-umano\/\" target=\"_blank\" rel=\"noreferrer noopener\">Renforcer le capital humain et promouvoir les opportunit\u00e9s pour les jeunes<\/a>;<\/li>\n<li><a href=\"https:\/\/www.fondazionecariverona.org\/documenti-programmatici\/innovazione-sociale\/\" target=\"_blank\" rel=\"noreferrer noopener\">Innovation sociale, bien-\u00eatre, qualit\u00e9 de vie pour la promotion de communaut\u00e9s inclusives et coh\u00e9sives<\/a>.<\/li>\n<\/ol>\n\n<div class=\"wp-block-spacer\" style=\"height: 20px;\" aria-hidden=\"true\">\u00a0<\/div>\n\n<h2 class=\"wp-block-heading\"><strong>Appels et projets pour tous<\/strong><\/h2>\n\n<p>D\u00e9couvrez ici les <a href=\"https:\/\/www.fondazionecariverona.org\/bandi\/\" target=\"_blank\" rel=\"noreferrer noopener\">appels<\/a>, les <a href=\"https:\/\/www.fondazionecariverona.org\/progetti-in-evidenza\/\" target=\"_blank\" rel=\"noreferrer noopener\">projets<\/a> et les <a href=\"https:\/\/www.fondazionecariverona.org\/le-nostre-attivita\/\" target=\"_blank\" rel=\"noreferrer noopener\">activit\u00e9s de<\/a> la Fondation Cariverona - ainsi que l&rsquo;<a href=\"https:\/\/www.fondazionecariverona.org\/wp-content\/uploads\/2017\/10\/libro_Una_Fondazione_nell_Italia_che_cambia_web2.pdf\" target=\"_blank\" rel=\"noreferrer noopener\">historique<\/a> des r\u00e9alisations de la Fondation Cariverona depuis sa cr\u00e9ation jusqu&rsquo;\u00e0 aujourd&rsquo;hui.<\/p>\n\n<p>Son <a href=\"https:\/\/www.fondazionecariverona.org\/news\/guidaeuroprogettazione\/\" target=\"_blank\" rel=\"noreferrer noopener\">engagement renouvel\u00e9<\/a> dans le domaine des fonds europ\u00e9ens pourrait donner une vitesse suppl\u00e9mentaire \u00e0 son action sur le terrain, et sa contribution une vitesse suppl\u00e9mentaire \u00e0 <a href=\"https:\/\/euknow.it\/fr\/\">notre Guide<\/a>.<\/p>\n","protected":false},"excerpt":{"rendered":"<p>L&rsquo;\u00e9quipe qui soutient le guide Europlanning est de plus en plus large et riche en sensibilit\u00e9 et en expertise. D\u00e9couvrons ensemble la Fondation Cariverona.<\/p>\n","protected":false},"author":3,"featured_media":30097,"comment_status":"open","ping_status":"open","sticky":false,"template":"","format":"standard","meta":{"_acf_changed":false,"inline_featured_image":false,"footnotes":""},"categories":[743],"tags":[],"class_list":["post-21151","post","type-post","status-publish","format-standard","has-post-thumbnail","hentry","category-archives-archives"],"acf":[],"_links":{"self":[{"href":"https:\/\/euknow.it\/fr\/wp-json\/wp\/v2\/posts\/21151","targetHints":{"allow":["GET"]}}],"collection":[{"href":"https:\/\/euknow.it\/fr\/wp-json\/wp\/v2\/posts"}],"about":[{"href":"https:\/\/euknow.it\/fr\/wp-json\/wp\/v2\/types\/post"}],"author":[{"embeddable":true,"href":"https:\/\/euknow.it\/fr\/wp-json\/wp\/v2\/users\/3"}],"replies":[{"embeddable":true,"href":"https:\/\/euknow.it\/fr\/wp-json\/wp\/v2\/comments?post=21151"}],"version-history":[{"count":0,"href":"https:\/\/euknow.it\/fr\/wp-json\/wp\/v2\/posts\/21151\/revisions"}],"wp:featuredmedia":[{"embeddable":true,"href":"https:\/\/euknow.it\/fr\/wp-json\/wp\/v2\/media\/30097"}],"wp:attachment":[{"href":"https:\/\/euknow.it\/fr\/wp-json\/wp\/v2\/media?parent=21151"}],"wp:term":[{"taxonomy":"category","embeddable":true,"href":"https:\/\/euknow.it\/fr\/wp-json\/wp\/v2\/categories?post=21151"},{"taxonomy":"post_tag","embeddable":true,"href":"https:\/\/euknow.it\/fr\/wp-json\/wp\/v2\/tags?post=21151"}],"curies":[{"name":"wp","href":"https:\/\/api.w.org\/{rel}","templated":true}]}}