{"id":22214,"date":"2019-10-10T00:00:00","date_gmt":"2019-10-10T00:00:00","guid":{"rendered":"https:\/\/www.guidaeuroprogettazione.eu\/guides-devaluation-des-projets-programmes-et-politiques-europeens\/"},"modified":"2025-01-10T16:27:11","modified_gmt":"2025-01-10T16:27:11","slug":"guides-devaluation-des-projets-programmes-et-politiques-europeens","status":"publish","type":"post","link":"https:\/\/euknow.it\/fr\/guides-devaluation-des-projets-programmes-et-politiques-europeens\/","title":{"rendered":"Guides d&rsquo;\u00e9valuation des projets, programmes et politiques europ\u00e9ens"},"content":{"rendered":"\n<p>Nous avons <a href=\"https:\/\/euknow.it\/come-vengono-valutati-i-progetti-europei\/\">r\u00e9cemment analys\u00e9 la<\/a> dimension de l&rsquo;\u00e9valuation des projets : une \u00e9tape indispensable pour <strong>voir nos propositions financ\u00e9es et mises en \u0153uvre<\/strong>. Mais qu&rsquo;en est-il, plus g\u00e9n\u00e9ralement, du concept m\u00eame d&rsquo;\u00e9valuation ? <strong>\n  <em>l&rsquo;\u00e9valuation<\/em>\n<\/strong>?<\/p>\n\n<p><!--more--><\/p>\n\n<p>L&rsquo;<strong>\u00e9valuation d&rsquo;une proposition de projet<\/strong> est une application d&rsquo;une activit\u00e9 plus large qui est men\u00e9e au niveau des projets, des programmes et des politiques, par le biais de sp\u00e9cifications techniques et \u00e0 diff\u00e9rents stades de leur mise en \u0153uvre. En effet, comme cela a d\u00e9j\u00e0 \u00e9t\u00e9 pr\u00e9cis\u00e9, l&rsquo;<strong>\u00e9valuation d&rsquo;une proposition de projet<\/strong> est \u00e9troitement li\u00e9e \u00e0 l&rsquo;examen de son impact plus large au niveau des programmes et politiques europ\u00e9ens.<\/p>\n\n<p>Conna\u00eetre les hypoth\u00e8ses et les outils d&rsquo;\u00e9valuation fournit des informations utiles pour am\u00e9liorer la qualit\u00e9 de nos propositions et la mise en \u0153uvre op\u00e9rationnelle de nos projets. En outre, les activit\u00e9s typiques du processus d&rsquo;\u00e9valuation (entretiens, collecte et analyse de donn\u00e9es, etc.) sont une composante typique de nombreux projets europ\u00e9ens.<\/p>\n\n<p>D\u00e9couvrons donc quelques documents int\u00e9ressants dans le domaine de l&rsquo;<strong>\u00e9valuation de projets<\/strong> \u00e0 travers cette br\u00e8ve revue.<\/p>\n\n<p>En connaissez-vous d&rsquo;autres, peut-\u00eatre meilleures que celles-ci ? Signalez-les nous via notre <a href=\"https:\/\/www.facebook.com\/guidaeuroprogettazioneIT\/\" target=\"_blank\" rel=\"noopener\">page Facebook<\/a>!<\/p>\n\n<ul class=\"wp-block-list\">\n<li>Le <a href=\"https:\/\/ec.europa.eu\/regional_policy\/sources\/docoffic\/2014\/working\/wd_2014_en.pdf\" target=\"_blank\" rel=\"noopener\">guide de<\/a> la <a href=\"https:\/\/ec.europa.eu\/info\/departments\/regional-and-urban-policy_it\" target=\"_blank\" rel=\"noopener\">DG REGIO<\/a> sur le suivi et l&rsquo;\u00e9valuation pour la p\u00e9riode de programmation 2014-2020 fournit d&rsquo;excellents aper\u00e7us de nature globale, avec quelques exemples pratiques d&rsquo;indicateurs et de la mani\u00e8re de les v\u00e9rifier, con\u00e7us pour les domaines d&rsquo;intervention sp\u00e9cifiques du <a href=\"https:\/\/euknow.it\/guida\/guida-europrogettazione\/categorie-di-finanziamento-2014-2020\/fondi-strutturali\/\">FEDER<\/a> et du Fonds de coh\u00e9sion ;<\/li>\n<\/ul>\n\n<ul class=\"wp-block-list\">\n<li>La DG REGIO met \u00e9galement \u00e0 disposition un guide en ligne sur l&rsquo;\u00e9valuation dans le domaine du d\u00e9veloppement \u00e9conomique et social<a href=\"https:\/\/ec.europa.eu\/regional_policy\/sources\/docgener\/evaluation\/guide\/guide_evalsed.pdf\" target=\"_blank\" rel=\"noopener\">(EVALSED<\/a>), plus complet, plus technique et plus d\u00e9taill\u00e9 que le pr\u00e9c\u00e9dent, et compl\u00e9t\u00e9 (pour ceux qui souhaitent aller plus loin) par un<a href=\"https:\/\/ec.europa.eu\/regional_policy\/sources\/docgener\/evaluation\/guide\/evaluation_sourcebook.pdf\" target=\"_blank\" rel=\"noopener\">autre guide<\/a> consacr\u00e9 aux m\u00e9thodes et techniques d&rsquo;\u00e9valuation ;<\/li>\n<\/ul>\n\n<ul class=\"wp-block-list\">\n<li>La <a href=\"https:\/\/ec.europa.eu\/info\/departments\/budget_it\" target=\"_blank\" rel=\"noopener\">DG BUDGET<\/a> a publi\u00e9 un <a href=\"https:\/\/ec.europa.eu\/agriculture\/eval\/guide\/eval_activities_en.pdf\" target=\"_blank\" rel=\"noopener\">guide<\/a> (quelque peu d\u00e9pass\u00e9, mais toujours valable) consacr\u00e9 \u00e0 l&rsquo;\u00e9valuation des activit\u00e9s de l&rsquo;UE et con\u00e7u sp\u00e9cifiquement pour les services de la Commission europ\u00e9enne ;<\/li>\n<\/ul>\n\n<ul class=\"wp-block-list\">\n<li>Dans le cadre de <a href=\"https:\/\/civitas.eu\/\" target=\"_blank\" rel=\"noopener\">CIVITAS<\/a>, une initiative de l&rsquo;Union europ\u00e9enne consacr\u00e9e \u00e0 la mobilit\u00e9 urbaine, un <a href=\"https:\/\/civitas.eu\/sites\/default\/files\/Evaluation_Matters.pdf\" target=\"_blank\" rel=\"noopener\">guide<\/a> consacr\u00e9 \u00e0 l&rsquo;\u00e9valuation a \u00e9t\u00e9 produit. Bien qu&rsquo;il contienne des exemples sp\u00e9cifiques au secteur, il offre un traitement tr\u00e8s clair, complet et g\u00e9n\u00e9ral du th\u00e8me de l&rsquo;\u00e9valuation des projets et des programmes ;<\/li>\n<\/ul>\n\n<ul class=\"wp-block-list\">\n<li>D&rsquo;autres organisations non li\u00e9es \u00e0 l&rsquo;UE ont produit des guides similaires int\u00e9ressants, comme ceux produits par des centres de recherche am\u00e9ricains, qui sont tr\u00e8s pratiques : <a href=\"https:\/\/www.nsf.gov\/pubs\/2002\/nsf02057\/nsf02057.pdf\" target=\"_blank\" rel=\"noopener\">manuel<\/a> convivial pour l&rsquo;\u00e9valuation de projets ; <a href=\"http:\/\/www.horizon-research.com\/publications\/stock.pdf\" target=\"_blank\" rel=\"noopener\">guide<\/a> pratique pour l&rsquo;\u00e9valuation de vos propres programmes.<\/li>\n<\/ul>\n\n<p>Bonne lecture !<\/p>\n","protected":false},"excerpt":{"rendered":"<p>Nous avons r\u00e9cemment analys\u00e9 la dimension de l&rsquo;\u00e9valuation des projets : une \u00e9tape indispensable pour voir nos propositions financ\u00e9es et mises en \u0153uvre. Mais qu&rsquo;en est-il, plus g\u00e9n\u00e9ralement, du concept m\u00eame d&rsquo;\u00e9valuation ? l&rsquo;\u00e9valuation ?<\/p>\n","protected":false},"author":3,"featured_media":30173,"comment_status":"open","ping_status":"open","sticky":false,"template":"","format":"standard","meta":{"_acf_changed":false,"inline_featured_image":false,"footnotes":""},"categories":[743],"tags":[],"class_list":["post-22214","post","type-post","status-publish","format-standard","has-post-thumbnail","hentry","category-archives-archives"],"acf":[],"_links":{"self":[{"href":"https:\/\/euknow.it\/fr\/wp-json\/wp\/v2\/posts\/22214","targetHints":{"allow":["GET"]}}],"collection":[{"href":"https:\/\/euknow.it\/fr\/wp-json\/wp\/v2\/posts"}],"about":[{"href":"https:\/\/euknow.it\/fr\/wp-json\/wp\/v2\/types\/post"}],"author":[{"embeddable":true,"href":"https:\/\/euknow.it\/fr\/wp-json\/wp\/v2\/users\/3"}],"replies":[{"embeddable":true,"href":"https:\/\/euknow.it\/fr\/wp-json\/wp\/v2\/comments?post=22214"}],"version-history":[{"count":0,"href":"https:\/\/euknow.it\/fr\/wp-json\/wp\/v2\/posts\/22214\/revisions"}],"wp:featuredmedia":[{"embeddable":true,"href":"https:\/\/euknow.it\/fr\/wp-json\/wp\/v2\/media\/30173"}],"wp:attachment":[{"href":"https:\/\/euknow.it\/fr\/wp-json\/wp\/v2\/media?parent=22214"}],"wp:term":[{"taxonomy":"category","embeddable":true,"href":"https:\/\/euknow.it\/fr\/wp-json\/wp\/v2\/categories?post=22214"},{"taxonomy":"post_tag","embeddable":true,"href":"https:\/\/euknow.it\/fr\/wp-json\/wp\/v2\/tags?post=22214"}],"curies":[{"name":"wp","href":"https:\/\/api.w.org\/{rel}","templated":true}]}}