{"id":22383,"date":"2023-01-26T11:22:25","date_gmt":"2023-01-26T11:22:25","guid":{"rendered":"https:\/\/www.guidaeuroprogettazione.eu\/filiera-futura-un-partenariat-sur-linnovation-dans-le-monde-rural-et-agroalimentaire\/"},"modified":"2025-01-10T16:30:55","modified_gmt":"2025-01-10T16:30:55","slug":"filiera-futura-un-partenariat-sur-linnovation-dans-le-monde-rural-et-agroalimentaire","status":"publish","type":"post","link":"https:\/\/euknow.it\/fr\/filiera-futura-un-partenariat-sur-linnovation-dans-le-monde-rural-et-agroalimentaire\/","title":{"rendered":"Filiera Futura, un partenariat sur l&rsquo;innovation dans le monde rural et agroalimentaire"},"content":{"rendered":"<p>Cette ann\u00e9e marque le d\u00e9but de la collaboration entre le Guide et Filiera Futura, le r\u00e9seau italien pour la promotion de l&rsquo;innovation dans le secteur agroalimentaire. D\u00e9couvrons-le ensemble.<\/p>\n<p><!--more--><\/p>\n<h2><b>Qui est la cha\u00eene du futur ?<\/b><\/h2>\n<p><a href=\"https:\/\/www.filierafutura.it\/\" target=\"_blank\" rel=\"noopener\"><span style=\"font-weight: 400;\">Cha\u00eene d&rsquo;approvisionnement future<\/span><\/a><span style=\"font-weight: 400;\">  est une association de 24 membres - dont des fondations bancaires, des universit\u00e9s, des associations professionnelles - active depuis 2020 dans toute l&rsquo;Italie pour promouvoir l&rsquo;innovation dans le secteur agroalimentaire. Elle prot\u00e8ge la richesse de la biodiversit\u00e9, des connaissances, des coutumes et des traditions en adoptant de nouveaux mod\u00e8les et en partageant les bonnes pratiques. Elle coop\u00e8re avec des organismes et des institutions au niveau national et europ\u00e9en afin de cr\u00e9er de nouvelles synergies, de d\u00e9velopper une approche commune sur chaque cha\u00eene d&rsquo;approvisionnement et de soutenir l&rsquo;unicit\u00e9 et la comp\u00e9titivit\u00e9 de la production agroalimentaire Made in Italy.<\/span><\/p>\n<p><span style=\"font-weight: 400;\">Elle compte parmi ses membres des associations et des universit\u00e9s actives dans le secteur rural et agroalimentaire. L&rsquo;entr\u00e9e de Filiera Futura dans le partenariat du Guide Europlanning apporte de nouvelles comp\u00e9tences et aptitudes pour approfondir un sujet d&rsquo;une grande importance dans le domaine des fonds europ\u00e9ens.<\/span><\/p>\n<p>&nbsp;<\/p>\n<h2><b>Le partenariat entre le Guide et Filiera Futura<\/b><\/h2>\n<p><span style=\"font-weight: 400;\">Le r\u00e9seau des cha\u00eenes d&rsquo;approvisionnement du futur offre un regard attentif et sp\u00e9cialis\u00e9 sur le monde des politiques, des fonds, des programmes et des projets dans les secteurs agricole, rural et agroalimentaire, sur les d\u00e9veloppements et l&rsquo;innovation dans ces domaines et sur les opportunit\u00e9s qui s&rsquo;offrent aux parties prenantes des diff\u00e9rentes cha\u00eenes d&rsquo;approvisionnement.<\/span><\/p>\n<p><span style=\"font-weight: 400;\">Compte tenu de la sp\u00e9cialisation th\u00e9matique de Filiera Futura, sa collaboration avec le Guide est avant tout un partenariat technique, visant \u00e0 d\u00e9velopper des synergies en termes d&rsquo;initiatives, d&rsquo;actions et de d\u00e9veloppement de contenus concernant le secteur de l&rsquo;Europlanning d&rsquo;une part et le secteur agricole, rural et agroalimentaire d&rsquo;autre part.<\/span><\/p>\n<p><span style=\"font-weight: 400;\">Ces synergies porteront leurs fruits dans les pages de ce guide et au-del\u00e0.<\/span><\/p>\n<p>&nbsp;<\/p>\n<h2><b>Aper\u00e7us sectoriels<\/b><\/h2>\n<p><span style=\"font-weight: 400;\">Au cours de cette ann\u00e9e, le guide d\u00e9veloppera davantage le contenu concernant les politiques et les fonds agricoles et ruraux, tels que la  <\/span><a href=\"https:\/\/euknow.it\/fr\/guida\/categories-de-financement-2021-2027\/fonds-structurels-et-ruraux\/feaga\/\"><span style=\"font-weight: 400;\">FEAGA<\/span><\/a><span style=\"font-weight: 400;\">les  <\/span><a href=\"https:\/\/euknow.it\/fr\/guida\/categories-de-financement-2021-2027\/fonds-structurels-et-ruraux\/feader\/\"><span style=\"font-weight: 400;\">FEADER<\/span><\/a><span style=\"font-weight: 400;\">la PAC et le Plan strat\u00e9gique national PAC : questions d&rsquo;actualit\u00e9, depuis,  <\/span><a href=\"https:\/\/euknow.it\/fr\/les-fonds-agricoles-et-ruraux-de-lue-informations-et-actualites\/\"><span style=\"font-weight: 400;\">comme nous l&rsquo;avons d\u00e9j\u00e0 mentionn\u00e9<\/span><\/a><span style=\"font-weight: 400;\">Il s&rsquo;agit d&rsquo;un secteur qui conna\u00eet une phase de renouvellement importante dans l&rsquo;UE entre 2022 et 2023.<\/span><\/p>\n<p><span style=\"font-weight: 400;\">Une nouvelle <\/span><a href=\"https:\/\/euknow.it\/fr\/actualites\/\">\n  <span style=\"font-weight: 400;\">cat\u00e9gorie de nouvelles<\/span>\n<\/a><span style=\"font-weight: 400;\">  consacr\u00e9 \u00e0 ce secteur, de syst\u00e9matiser les articles d\u00e9j\u00e0 publi\u00e9s et de donner de la visibilit\u00e9 aux nouvelles contributions qui seront \u00e9labor\u00e9es dans le cadre du partenariat avec Filiera Futura. D&rsquo;autres mises \u00e0 jour seront publi\u00e9es pour fournir des outils, des r\u00e9ponses et des informations sur le seul secteur agroalimentaire,  <\/span><a href=\"https:\/\/euknow.it\/en\/guida\/for-orientation\/eurodesign-european-institutions-and-policies\/\">\n  <span style=\"font-weight: 400;\">un peu plus d&rsquo;un tiers<\/span>\n<\/a><span style=\"font-weight: 400;\"> de l&rsquo;ensemble de la programmation de l&rsquo;UE pour la p\u00e9riode 2021-2027.<\/span><\/p>\n<p>&nbsp;<\/p>\n<h2><b>Exp\u00e9riences et bonnes pratiques<\/b><\/h2>\n<p><span style=\"font-weight: 400;\">De nombreuses exp\u00e9riences d\u00e9j\u00e0 pr\u00e9sent\u00e9es dans la section correspondante de notre guide proviennent du secteur rural et agroalimentaire, t\u00e9moignant de la richesse des bonnes pratiques et de l&rsquo;\u00e9nergie que ce secteur peut offrir au monde de l&rsquo;europlanification (par ex :  <\/span><a href=\"https:\/\/euknow.it\/fr\/projets-europeens-alimentation-et-creativite-lexperience-de-slow-food\/\"><span style=\"font-weight: 400;\">1<\/span><\/a><span style=\"font-weight: 400;\">  -  <\/span><a href=\"https:\/\/euknow.it\/fr\/food-is-culture-a-travers-la-nourriture-decouvrir-nos-racines\/\"><span style=\"font-weight: 400;\">2<\/span><\/a><span style=\"font-weight: 400;\">  |  <\/span><a href=\"https:\/\/euknow.it\/fr\/projet-europeen-bioenergyfarm2-linterview-de-coldiretti-piemonte\/\"><span style=\"font-weight: 400;\">3<\/span><\/a><span style=\"font-weight: 400;\">  -  <\/span><a href=\"https:\/\/euknow.it\/fr\/projet-europeen-bioenergy-farm-2-energie-durable-pour-les-petites-exploitations-agricoles\/\"><span style=\"font-weight: 400;\">4<\/span><\/a><span style=\"font-weight: 400;\">  |  <\/span><a href=\"https:\/\/euknow.it\/fr\/experiences-europeennes-de-design-progireg-entretien-avec-le-planificateur-communautaire-dortialti\/\"><span style=\"font-weight: 400;\">5<\/span><\/a><span style=\"font-weight: 400;\">  -  <\/span><a href=\"https:\/\/euknow.it\/fr\/projet-europeen-progireg-chantiers-pour-une-ville-verte-a-turin\/\"><span style=\"font-weight: 400;\">6<\/span><\/a><span style=\"font-weight: 400;\">  ).<\/span><\/p>\n<p><span style=\"font-weight: 400;\">La participation de Filiera Futura apportera de nouvelles propositions \u00e0 pr\u00e9senter dans les pages de notre guide. La collecte des pratiques les plus innovantes dans ses secteurs de r\u00e9f\u00e9rence est en effet l&rsquo;une de ses activit\u00e9s, \u00e0 laquelle il consacre un large espace, plein d&rsquo;id\u00e9es et d&rsquo;aper\u00e7us int\u00e9ressants, dans un espace de discussion et d&rsquo;\u00e9change d&rsquo;informations.<\/span><a href=\"https:\/\/www.filierafutura.it\/filiere-ditalia\/\" target=\"_blank\" rel=\"noopener\">\n  <span style=\"font-weight: 400;\">section appropri\u00e9e<\/span>\n<\/a><span style=\"font-weight: 400;\"> de son site web.<\/span><\/p>\n<p>&nbsp;<\/p>\n<h2><b>Recherche, \u00e9v\u00e9nements et formation<\/b><\/h2>\n<p><span style=\"font-weight: 400;\">Le m\u00eame type de synergie pourrait s&rsquo;appliquer aux domaines de la recherche et de l&rsquo;organisation d&rsquo;\u00e9v\u00e9nements, autres aspects centraux de l&rsquo;action de Filiera Futura. <\/span><a href=\"https:\/\/www.filierafutura.it\/azioni\/\" target=\"_blank\" rel=\"noopener\">\n  <span style=\"font-weight: 400;\">dans l&rsquo;action de Filiera Futura<\/span>\n<\/a><span style=\"font-weight: 400;\">.<\/span><\/p>\n<p><span style=\"font-weight: 400;\">Sur le front de la recherche, nous soulignons, par exemple, une publication qui analyse en d\u00e9tail <\/span><a href=\"https:\/\/www.filierafutura.it\/wp-content\/uploads\/2021\/11\/book_filiera-futura.pdf\" target=\"_blank\" rel=\"noopener\">\n  <span style=\"font-weight: 400;\">17 cha\u00eenes d&rsquo;approvisionnement d&rsquo;excellence<\/span>\n<\/a><span style=\"font-weight: 400;\">repr\u00e9sentatif d&rsquo;autant de territoires italiens, pr\u00e9sentant leurs \u00e9l\u00e9ments d&rsquo;innovation et d&rsquo;am\u00e9lioration, leurs fragilit\u00e9s et leur potentiel. Filiera Futura a \u00e9galement promu, en collaboration avec la Fondazione Cariplo, la recherche qualitative-quantitative &lsquo;<\/span><a href=\"https:\/\/www.filierafutura.it\/articolo_evento\/nourishing-school-presentazione-dei-primi-dati-della-ricerca-condotta-nelle-scuole\/\" target=\"_blank\" rel=\"noopener\">\n  <span style=\"font-weight: 400;\">L&rsquo;\u00e9cole nourrici\u00e8re\".<\/span>\n<\/a><span style=\"font-weight: 400;\">Cette \u00e9tude, actuellement en cours, est men\u00e9e par l&rsquo;Universit\u00e9 des sciences gastronomiques de Pollenzo dans les \u00e9coles italiennes. Elle a pour but d&rsquo;\u00e9tudier la relation entre l&rsquo;alimentation et les enfants, en tenant compte en particulier des changements induits par la pand\u00e9mie et des co\u00fbts environnementaux, sociaux et \u00e9conomiques qui en d\u00e9coulent.<\/span><\/p>\n<p><span style=\"font-weight: 400;\">En ce qui concerne les \u00e9v\u00e9nements, le partenariat permettra \u00e0 terme de mettre davantage l&rsquo;accent sur cette question au sein de la Commission europ\u00e9enne.  <\/span><a href=\"https:\/\/euknow.it\/fr\/formation\/\"><span style=\"font-weight: 400;\">moments de formation<\/span><\/a><span style=\"font-weight: 400;\">  organis\u00e9e par le Guide Europlanning, par exemple par la pr\u00e9sence d&rsquo;experts du secteur exprim\u00e9s par Filiera Futura et son r\u00e9seau ; et une plus grande pr\u00e9sence du Guide aux c\u00f4t\u00e9s des acteurs ruraux et agroalimentaires et au sein de l&rsquo;Union europ\u00e9enne.  <\/span><a href=\"https:\/\/www.filierafutura.it\/filiere-ditalia\/\" target=\"_blank\" rel=\"noopener\"><span style=\"font-weight: 400;\">\u00e9v\u00e9nements approfondis<\/span><\/a><span style=\"font-weight: 400;\">  organis\u00e9 par Filiera Futura.<\/span><\/p>\n<p>&nbsp;<\/p>\n<h2><b>La cha\u00eene du futur, un programme commun<\/b><\/h2>\n<p><span style=\"font-weight: 400;\">Les synergies avec le guide Europlanning sont \u00e9galement \u00e9videntes dans l&rsquo;analyse de l&rsquo;\u00e9tude de cas.  <\/span><a href=\"https:\/\/www.filierafutura.it\/wp-content\/uploads\/2023\/01\/Filiera-Futura_Programma-operativo-2023.pdf\" target=\"_blank\" rel=\"noopener\"><span style=\"font-weight: 400;\">Programme Cha\u00eene du futur 2023<\/span><\/a><span style=\"font-weight: 400;\">qui compte parmi ses priorit\u00e9s pour l&rsquo;ann\u00e9e la promotion de l&rsquo;initiative \"<\/span><i><span style=\"font-weight: 400;\">Participation \u00e0 des r\u00e9seaux nationaux et europ\u00e9ens, opportunit\u00e9s d&rsquo;information au profit des membres et des territoires de r\u00e9f\u00e9rence sur les opportunit\u00e9s de financement de projets et d&rsquo;initiatives par l&rsquo;Union europ\u00e9enne\".<\/span><\/i><span style=\"font-weight: 400;\">  et le soutien \u00e0 la  <\/span><i><span style=\"font-weight: 400;\">\"la r\u00e9alisation de projets \u00e0 soumettre \u00e0 des appels \u00e0 propositions europ\u00e9ens qui impliquent des cha\u00eenes agroalimentaires locales et qui peuvent \u00eatre reproduits sur les territoires des membres\".<\/span><\/i><\/p>\n<p>&nbsp;<\/p>\n<h3><b>Un accueil chaleureux<\/b><\/h3>\n<blockquote><p><i><span style=\"font-weight: 400;\">Nous sommes honor\u00e9s de participer \u00e0 l&rsquo;ambitieux projet d&rsquo;\u00e9dition du Guide de l&rsquo;Europlanning qui, depuis sa cr\u00e9ation, constitue un point de r\u00e9f\u00e9rence pour s&rsquo;orienter dans le syst\u00e8me complexe des fonds europ\u00e9ens et de la planification europ\u00e9enne\", d\u00e9clare Francesco Cappello, pr\u00e9sident de l&rsquo;association Filiera Futura. \"M\u00eame dans le domaine de l&rsquo;agroalimentaire et de la production, il est aujourd&rsquo;hui de plus en plus fondamental d&rsquo;avoir la capacit\u00e9 et la vision d&rsquo;agir avec un horizon europ\u00e9en, en restant \u00e0 l&rsquo;aff\u00fbt des opportunit\u00e9s d&rsquo;acc\u00e8s aux fonds et en identifiant dans la programmation de l&rsquo;UE les possibilit\u00e9s d&rsquo;am\u00e9liorer et d&rsquo;innover le Made in Italy et la production de qualit\u00e9, qui caract\u00e9risent les territoires de nos membres.<\/span><\/i><\/p>\n<p><i><span style=\"font-weight: 400;\">Francesco Cappello, pr\u00e9sident de Filiera Futura<\/span><\/i><\/p><\/blockquote>\n<p>&nbsp;<\/p>\n<p><span style=\"font-weight: 400;\">Nous souhaitons donc la bienvenue \u00e0 Filiera Futura dans le partenariat du Guide et nous nous r\u00e9jouissons de travailler ensemble dans des domaines d&rsquo;int\u00e9r\u00eat mutuel.<\/span><\/p>\n","protected":false},"excerpt":{"rendered":"<p>Cette ann\u00e9e marque le d\u00e9but de la collaboration entre le Guide et Filiera Futura, le r\u00e9seau italien pour la promotion de l&rsquo;innovation dans le secteur agroalimentaire. D\u00e9couvrons-le ensemble.<\/p>\n","protected":false},"author":8,"featured_media":30303,"comment_status":"open","ping_status":"open","sticky":false,"template":"","format":"standard","meta":{"_acf_changed":false,"inline_featured_image":false,"footnotes":""},"categories":[743],"tags":[],"class_list":["post-22383","post","type-post","status-publish","format-standard","has-post-thumbnail","hentry","category-archives-archives"],"acf":[],"_links":{"self":[{"href":"https:\/\/euknow.it\/fr\/wp-json\/wp\/v2\/posts\/22383","targetHints":{"allow":["GET"]}}],"collection":[{"href":"https:\/\/euknow.it\/fr\/wp-json\/wp\/v2\/posts"}],"about":[{"href":"https:\/\/euknow.it\/fr\/wp-json\/wp\/v2\/types\/post"}],"author":[{"embeddable":true,"href":"https:\/\/euknow.it\/fr\/wp-json\/wp\/v2\/users\/8"}],"replies":[{"embeddable":true,"href":"https:\/\/euknow.it\/fr\/wp-json\/wp\/v2\/comments?post=22383"}],"version-history":[{"count":0,"href":"https:\/\/euknow.it\/fr\/wp-json\/wp\/v2\/posts\/22383\/revisions"}],"wp:featuredmedia":[{"embeddable":true,"href":"https:\/\/euknow.it\/fr\/wp-json\/wp\/v2\/media\/30303"}],"wp:attachment":[{"href":"https:\/\/euknow.it\/fr\/wp-json\/wp\/v2\/media?parent=22383"}],"wp:term":[{"taxonomy":"category","embeddable":true,"href":"https:\/\/euknow.it\/fr\/wp-json\/wp\/v2\/categories?post=22383"},{"taxonomy":"post_tag","embeddable":true,"href":"https:\/\/euknow.it\/fr\/wp-json\/wp\/v2\/tags?post=22383"}],"curies":[{"name":"wp","href":"https:\/\/api.w.org\/{rel}","templated":true}]}}