{"id":24369,"date":"2021-09-21T07:00:22","date_gmt":"2021-09-21T07:00:22","guid":{"rendered":"https:\/\/www.guidaeuroprogettazione.eu\/parlons-de-lavenir-de-leurope\/"},"modified":"2025-12-03T17:38:47","modified_gmt":"2025-12-03T17:38:47","slug":"parlons-de-lavenir-de-leurope","status":"publish","type":"post","link":"https:\/\/euknow.it\/fr\/parlons-de-lavenir-de-leurope\/","title":{"rendered":"Parlons de l&rsquo;avenir de l&rsquo;Europe"},"content":{"rendered":"<p><strong><em>La conf\u00e9rence sur l&rsquo;avenir de l&rsquo;Europe : une nouvelle occasion de faire entendre votre voix en Europe.<\/em><\/strong><\/p>\n<p><!--more--><\/p>\n<h2>La voix de chacun en Europe<\/h2>\n<p>Les institutions europ\u00e9ennes ont toujours \u00e9t\u00e9 attentives \u00e0 la voix des citoyens lorsqu&rsquo;elles d\u00e9finissent les priorit\u00e9s, les strat\u00e9gies et les politiques de l&rsquo;Union. Un contact direct avec les institutions de l&rsquo;UE est possible gr\u00e2ce au r\u00e9seau Europe Direct<a href=\"https:\/\/euknow.it\/europe-direct-torino-intervista\/\">(<\/a><a href=\"https:\/\/euknow.it\/centro-europe-direct-cuneo-piemonte\/\">1|2<\/a>). Il existe des agences qui sollicitent les citoyens pour qu&rsquo;ils participent aux <a href=\"https:\/\/euknow.it\/guida\/categorie-finanziamento-2021-2027\/programmi-ue\/\">programmes de l&rsquo;UE<\/a>. Des <a href=\"https:\/\/italy.representation.ec.europa.eu\/index_it\" target=\"_blank\" rel=\"noopener\">repr\u00e9sentations de la Commission<\/a> europ\u00e9enne et des <a href=\"https:\/\/www.europarl.europa.eu\/at-your-service\/it\/stay-informed\/liaison-offices-in-your-country\" target=\"_blank\" rel=\"noopener\">bureaux de liaison du Parlement europ\u00e9en<\/a> sont actifs dans chaque pays.\nIl existe un <a href=\"https:\/\/euknow.it\/diciamo-nostra-commissione-europea\/\">syst\u00e8me sp\u00e9cial<\/a> permettant de \"donner son avis\" \u00e0 la Commission europ\u00e9enne sur un large \u00e9ventail de questions. En bref, les canaux de dialogue ne manquent pas et constituent une opportunit\u00e9 particuli\u00e8rement int\u00e9ressante pour ceux qui, comme les Eurodesigners, sont confront\u00e9s quotidiennement \u00e0 des questions li\u00e9es \u00e0 l&rsquo;Union europ\u00e9enne. Cependant, l&rsquo;Union europ\u00e9enne est une <a href=\"https:\/\/euknow.it\/guida\/per-orientarsi\/radici-progetti-europei\/\">r\u00e9alit\u00e9<\/a> complexe qui traverse une p\u00e9riode complexe, pleine de nouveaux d\u00e9fis pour les institutions et les citoyens.\nAujourd&rsquo;hui plus que jamais, le <a href=\"https:\/\/ec.europa.eu\/info\/strategy\/priorities-2019-2024\/new-push-european-democracy_it\" target=\"_blank\" rel=\"noopener\">rapprochement des institutions et des citoyens et le renouvellement des outils de participation d\u00e9mocratique<\/a> constituent <a href=\"https:\/\/euknow.it\/vocabolario-programmazione-2021-2027\/\">un enjeu strat\u00e9gique<\/a> pour l&rsquo;avenir de l&rsquo;Union. C&rsquo;est pour r\u00e9pondre \u00e0 cette n\u00e9cessit\u00e9 strat\u00e9gique qu&rsquo;a \u00e9t\u00e9 lanc\u00e9e en<a href=\"https:\/\/www.europarl.europa.eu\/news\/en\/press-room\/20210324IPR00701\/work-begins-on-the-conference-on-the-future-of-europe\" target=\"_blank\" rel=\"noopener\">mars<\/a> dernier la <strong>Conf\u00e9rence sur l&rsquo;avenir de l&rsquo;Europe<\/strong>, une initiative nouvelle et de grande ampleur, portant sur tous les aspects li\u00e9s \u00e0 l&rsquo;avenir de l&rsquo;Union et ouverte \u00e0 l&rsquo;ensemble des citoyens. Elle s&rsquo;est concr\u00e9tis\u00e9e en <a href=\"https:\/\/ec.europa.eu\/commission\/presscorner\/detail\/en\/ip_21_1764\" target=\"_blank\" rel=\"noopener\">avril<\/a> par le lancement d&rsquo;une plateforme num\u00e9rique et en <a href=\"https:\/\/ec.europa.eu\/commission\/presscorner\/detail\/en\/ip_21_1764\" target=\"_blank\" rel=\"noopener\">juin<\/a> par une premi\u00e8re conf\u00e9rence pl\u00e9ni\u00e8re (la prochaine est pr\u00e9vue en octobre).<\/p>\n<h3><a href=\"https:\/\/futureu.europa.eu\/pages\/about?locale=it\" target=\"_blank\" rel=\"noopener\">De quoi s&rsquo;agit-il ?<\/a><\/h3>\n<p style=\"padding-left: 40px;\"><em>La conf\u00e9rence sur l&rsquo;avenir de l&rsquo;Europe offre aux citoyens europ\u00e9ens une occasion unique et opportune de discuter des d\u00e9fis et des priorit\u00e9s de l&rsquo;Europe. Toute personne, quelle que soit son origine ou son activit\u00e9, peut utiliser cet outil pour r\u00e9fl\u00e9chir \u00e0 l&rsquo;avenir de l&rsquo;Union europ\u00e9enne qu&rsquo;elle souhaiterait.<\/em>\n<em>Le Parlement europ\u00e9en, le Conseil et la Commission europ\u00e9enne s&rsquo;engagent \u00e0 \u00e9couter la voix des Europ\u00e9ens et \u00e0 donner suite, dans le cadre de leurs comp\u00e9tences respectives, aux recommandations re\u00e7ues.<\/em>\n<em>D&rsquo;ici le printemps 2022, la conf\u00e9rence devrait aboutir \u00e0 des conclusions et fournir des lignes directrices sur l&rsquo;avenir de l&rsquo;Europe.<\/em><\/p>\n<p>Son <a href=\"https:\/\/futureu.europa.eu\/uploads\/decidim\/attachment\/file\/19108\/big_CoFoE_Process_IT.jpg\" rel=\"nofollow noopener\" target=\"_blank\">fonctionnement<\/a> et son <a href=\"https:\/\/futureu.europa.eu\/uploads\/decidim\/attachment\/file\/19109\/big_CoFoE_Timeline_IT.jpg\" rel=\"nofollow noopener\" target=\"_blank\">calendrier<\/a> sont bien r\u00e9sum\u00e9s dans ces infographies.<\/p>\n<p><img fetchpriority=\"high\" decoding=\"async\" class=\"aligncenter wp-image-9931 size-full\" src=\"https:\/\/euknow.it\/wp-content\/uploads\/2025\/01\/guidaeuroprogettazione_futuro_deuropa_infografica_procedimento-scaled-1.jpg\" alt=\"\" width=\"2560\" height=\"1396\"><\/p>\n<p><img decoding=\"async\" class=\"aligncenter wp-image-9932 size-full\" src=\"https:\/\/euknow.it\/wp-content\/uploads\/2025\/01\/guidaeuroprogettazione_futuro_deuropa_infografica_calendaerio-scaled-1.jpg\" alt=\"\" width=\"2560\" height=\"1397\"><\/p>\n<h3><a href=\"https:\/\/futureu.europa.eu\/pages\/getinvolved?locale=it\" target=\"_blank\" rel=\"noopener\">Comment participer ?<\/a><\/h3>\n<p>Le point de d\u00e9part est la <a href=\"https:\/\/futureu.europa.eu\/?locale=it\" target=\"_blank\" rel=\"noopener\">plateforme en ligne sur l&rsquo;avenir de l&rsquo;Europe<\/a>, qui contient de mani\u00e8re concise et compl\u00e8te toutes les informations n\u00e9cessaires pour consulter et participer \u00e0 la conf\u00e9rence, dans toutes les langues de l&rsquo;UE.\nDix th\u00e8mes principaux sont propos\u00e9s : Le <a href=\"https:\/\/futureu.europa.eu\/processes\/GreenDeal\" target=\"_blank\" rel=\"noopener\">changement climatique et l&rsquo;environnement<\/a>,   <a href=\"https:\/\/futureu.europa.eu\/processes\/Health\" target=\"_blank\" rel=\"noopener\">Sant\u00e9<\/a>!  <a href=\"https:\/\/futureu.europa.eu\/processes\/Economy\" target=\"_blank\" rel=\"noopener\">Une \u00e9conomie plus forte, la justice sociale et l&#8217;emploi<\/a>, l&rsquo;<a href=\"https:\/\/futureu.europa.eu\/processes\/EUInTheWorld\" target=\"_blank\" rel=\"noopener\">UE dans le monde<\/a>, les <a href=\"https:\/\/futureu.europa.eu\/processes\/ValuesRights\" target=\"_blank\" rel=\"noopener\">valeurs et les droits, l&rsquo;\u00c9tat de droit, la s\u00e9curit\u00e9<\/a>, la <a href=\"https:\/\/futureu.europa.eu\/processes\/Digital\" target=\"_blank\" rel=\"noopener\">transformation num\u00e9rique<\/a>, la <a href=\"https:\/\/futureu.europa.eu\/processes\/Democracy\" target=\"_blank\" rel=\"noopener\">d\u00e9mocratie europ\u00e9enne<\/a>, les <a href=\"https:\/\/futureu.europa.eu\/processes\/Migration\" target=\"_blank\" rel=\"noopener\">migrations<\/a>, l&rsquo;<a href=\"https:\/\/futureu.europa.eu\/processes\/Education\" target=\"_blank\" rel=\"noopener\">\u00e9ducation, la culture, la jeunesse et le sport<\/a>, et <a href=\"https:\/\/futureu.europa.eu\/processes\/OtherIdeas\" target=\"_blank\" rel=\"noopener\">d&rsquo;autres id\u00e9es<\/a> (pour tout ce qui n&rsquo;entre pas dans les th\u00e8mes susmentionn\u00e9s).   <\/p>\n<p>Au sein de la Conf\u00e9rence, c&rsquo;est possible :<\/p>\n<ul>\n<li><a href=\"https:\/\/futureu.europa.eu\/search?filter%5bdecidim_scope_id%5d=&amp;filter%5bresource_type%5d=Decidim::Proposals::Proposal&amp;filter%5bterm%5d=\" target=\"_blank\" rel=\"noopener\">Consultez toutes les id\u00e9es<\/a> en cours de discussion et proposez-en de nouvelles, en suivant un <a href=\"https:\/\/futureu.europa.eu\/users\/auth\/cas\" target=\"_blank\" rel=\"noopener\">processus d&rsquo;enregistrement<\/a> sp\u00e9cial.<\/li>\n<li><a href=\"https:\/\/futureu.europa.eu\/pages\/organiseanevent?locale=it\" target=\"_blank\" rel=\"noopener\">Participez et organisez des \u00e9v\u00e9nements<\/a> pour discuter et partager des id\u00e9es et des solutions concr\u00e8tes pour l&rsquo;avenir de l&rsquo;Europe, avec l&rsquo;aide de guides sp\u00e9ciaux et d&rsquo;organes d\u00e9centralis\u00e9s de l&rsquo;UE dans votre pays ;<\/li>\n<li>Suivez les travaux des <a href=\"https:\/\/futureu.europa.eu\/pages\/panels?locale=it\" target=\"_blank\" rel=\"noopener\">panels de citoyens<\/a> (choisis au hasard et repr\u00e9sentatifs) et des <a href=\"https:\/\/futureu.europa.eu\/pages\/plenary?locale=it\" target=\"_blank\" rel=\"noopener\">sessions pl\u00e9ni\u00e8res de<\/a> la conf\u00e9rence, qui sont charg\u00e9s de recueillir, de discuter et de tirer des conclusions \u00e0 partir des informations recueillies ;<\/li>\n<li>Visionnez toutes les <a href=\"https:\/\/audiovisual.ec.europa.eu\/en\/search?thesaurus=211474\" target=\"_blank\" rel=\"noopener\">vid\u00e9os relatives \u00e0 la Conf\u00e9rence sur l&rsquo;avenir de l&rsquo;Europe<\/a> via le portail <a href=\"https:\/\/euknow.it\/europrogettazione-video-webinar\/\">audiovisuel<\/a> de la Commission europ\u00e9enne.<\/li>\n<\/ul>\n<p>Nous recommandons, \u00e0 cet \u00e9gard, une <a href=\"https:\/\/audiovisual.ec.europa.eu\/en\/video\/I-207507\" target=\"_blank\" rel=\"noopener\">vid\u00e9o qui explique bri\u00e8vement l<\/a> &lsquo;initiative et la mani\u00e8re de participer \u00e0 la conf\u00e9rence.<\/p>\n<h3>Un d\u00e9bat important<\/h3>\n<p>Les institutions europ\u00e9ennes se sont engag\u00e9es \u00e0 donner suite aux conclusions de la conf\u00e9rence, pr\u00e9vue pour le printemps 2022.\nTenons-nous au courant et suivons le d\u00e9bat : cet exercice apportera un nouveau renouvellement des politiques et des priorit\u00e9s de l&rsquo;UE, et avec lui, une nouvelle vie pour nos projets.<\/p>\n","protected":false},"excerpt":{"rendered":"<p>La conf\u00e9rence sur l&rsquo;avenir de l&rsquo;Europe : une nouvelle occasion de faire entendre votre voix en Europe.<\/p>\n","protected":false},"author":1,"featured_media":31963,"comment_status":"open","ping_status":"open","sticky":false,"template":"","format":"standard","meta":{"_acf_changed":false,"inline_featured_image":false,"footnotes":""},"categories":[2197,743],"tags":[2396,2376],"class_list":["post-24369","post","type-post","status-publish","format-standard","has-post-thumbnail","hentry","category-archives-actualites","category-archives-archives","tag-institutions-et-politiques-de-lue","tag-nouvelles"],"acf":[],"_links":{"self":[{"href":"https:\/\/euknow.it\/fr\/wp-json\/wp\/v2\/posts\/24369","targetHints":{"allow":["GET"]}}],"collection":[{"href":"https:\/\/euknow.it\/fr\/wp-json\/wp\/v2\/posts"}],"about":[{"href":"https:\/\/euknow.it\/fr\/wp-json\/wp\/v2\/types\/post"}],"author":[{"embeddable":true,"href":"https:\/\/euknow.it\/fr\/wp-json\/wp\/v2\/users\/1"}],"replies":[{"embeddable":true,"href":"https:\/\/euknow.it\/fr\/wp-json\/wp\/v2\/comments?post=24369"}],"version-history":[{"count":1,"href":"https:\/\/euknow.it\/fr\/wp-json\/wp\/v2\/posts\/24369\/revisions"}],"predecessor-version":[{"id":33875,"href":"https:\/\/euknow.it\/fr\/wp-json\/wp\/v2\/posts\/24369\/revisions\/33875"}],"wp:featuredmedia":[{"embeddable":true,"href":"https:\/\/euknow.it\/fr\/wp-json\/wp\/v2\/media\/31963"}],"wp:attachment":[{"href":"https:\/\/euknow.it\/fr\/wp-json\/wp\/v2\/media?parent=24369"}],"wp:term":[{"taxonomy":"category","embeddable":true,"href":"https:\/\/euknow.it\/fr\/wp-json\/wp\/v2\/categories?post=24369"},{"taxonomy":"post_tag","embeddable":true,"href":"https:\/\/euknow.it\/fr\/wp-json\/wp\/v2\/tags?post=24369"}],"curies":[{"name":"wp","href":"https:\/\/api.w.org\/{rel}","templated":true}]}}