{"id":25114,"date":"2021-09-20T07:48:01","date_gmt":"2021-09-20T07:48:01","guid":{"rendered":"https:\/\/www.guidaeuroprogettazione.eu\/decouvrir-le-nouveau-bauhaus-europeen-une-nouvelle-initiative-et-une-serie-de-webinaires\/"},"modified":"2025-01-10T16:29:54","modified_gmt":"2025-01-10T16:29:54","slug":"decouvrir-le-nouveau-bauhaus-europeen-une-nouvelle-initiative-et-une-serie-de-webinaires","status":"publish","type":"post","link":"https:\/\/euknow.it\/fr\/decouvrir-le-nouveau-bauhaus-europeen-une-nouvelle-initiative-et-une-serie-de-webinaires\/","title":{"rendered":"D\u00e9couvrir le nouveau Bauhaus europ\u00e9en : une nouvelle initiative et une s\u00e9rie de webinaires"},"content":{"rendered":"<p>Le nouveau Bauhaus europ\u00e9en est l&rsquo;une des grandes initiatives europ\u00e9ennes. D\u00e9couvrez-le avec la s\u00e9rie de webinaires du Comit\u00e9 national pour le logement social.<\/p>\n<p><!--more--><\/p>\n<h2>Qu&rsquo;est-ce que le nouveau Bauhaus europ\u00e9en ?<\/h2>\n<p>Le \"nouveau Bauhaus europ\u00e9en\" est une initiative qui associe la durabilit\u00e9, l&rsquo;inclusion et l&rsquo;exp\u00e9rimentation artistique et architecturale \u00e0 la conception d&rsquo;espaces de vie. Le nom s&rsquo;inspire du mouvement du 20e si\u00e8cle qui a \u00e9tudi\u00e9 en profondeur la relation entre la technologie et la culture, entre l&rsquo;art et le design, influen\u00e7ant de mani\u00e8re ind\u00e9l\u00e9bile son \u00e9volution jusqu&rsquo;\u00e0 aujourd&rsquo;hui.<\/p>\n<p>Le New European Bauhaus est avant tout une plateforme d&rsquo;exp\u00e9rimentation qui rassemble des praticiens de la science et de la technologie, de l&rsquo;art et de la culture pour trouver ensemble des solutions innovantes aux d\u00e9fis \u00e9cologiques et num\u00e9riques de l&rsquo;Europe, \u00e0 partir d&rsquo;une perspective sp\u00e9cifique : celle de la construction et de l&rsquo;habitat - une maison, un quartier, une ville et un territoire. Nous avons abord\u00e9 cette question <a href=\"https:\/\/euknow.it\/fr\/horizon-europe-la-recherche-et-au-dela-journee-dinformation-programme-2021-2022-et-nouvelles-initiatives\/\">dans un billet r\u00e9cent<\/a>, qui aborde ces questions dans une perspective plus large.<\/p>\n<p>Plus pr\u00e9cis\u00e9ment, <a href=\"https:\/\/europa.eu\/new-european-bauhaus\/about\/about-initiative_it\" target=\"_blank\" rel=\"noopener\">le nouveau Bauhaus europ\u00e9en<\/a> vise \u00e0 :<\/p>\n<ul>\n<li>r\u00e9unir des citoyens, des experts, des entreprises et des institutions et faciliter le dialogue sur la mani\u00e8re de rendre les espaces de vie de demain moins chers et plus accessibles ;<\/li>\n<li>mobiliser les concepteurs, les architectes, les ing\u00e9nieurs, les scientifiques, les \u00e9tudiants et les esprits cr\u00e9atifs de toutes les disciplines pour repenser un mode de vie durable en Europe et dans le monde ;<\/li>\n<li>am\u00e9liorer la qualit\u00e9 de vie en valorisant la simplicit\u00e9, la fonctionnalit\u00e9 et la circularit\u00e9 des mat\u00e9riaux ;<\/li>\n<li>apporter un soutien financier aux id\u00e9es et produits innovants par le biais d&rsquo;appels \u00e0 projets et \u00e0 propositions dans ces domaines.<\/li>\n<\/ul>\n<h2>Ce qu&rsquo;elle a fait et ce qu&rsquo;elle fera<\/h2>\n<p>L&rsquo;initiative comprend trois phases : la planification collective, la mise en \u0153uvre et la diffusion.<\/p>\n<p>La phase de conception collective qui s&rsquo;ach\u00e8ve (octobre 2020 - septembre 2021) avait pour objectif de rassembler des exemples contemporains concrets qui expriment les principes du nouveau Bauhaus europ\u00e9en. Les contributions les plus int\u00e9ressantes ont \u00e9t\u00e9 <a href=\"https:\/\/europa.eu\/new-european-bauhaus\/co-design\/co-designing-new-european-bauhaus-0_en\" target=\"_blank\" rel=\"noopener\">r\u00e9pertori\u00e9es<\/a> et ont servi de base au d\u00e9bat entre les acteurs (de divers horizons et sp\u00e9cialisations) int\u00e9ress\u00e9s par ces questions. Il est possible d&rsquo;acc\u00e9der et de parcourir les nombreuses contributions re\u00e7ues par le biais d&rsquo;une plateforme sp\u00e9ciale rassemblant des <a href=\"https:\/\/europa.eu\/new-european-bauhaus\/overview-examples_en\" target=\"_blank\" rel=\"noopener\">exemples<\/a>, des <a href=\"https:\/\/europa.eu\/new-european-bauhaus\/co-design\/co-designing-new-european-bauhaus-0\/overview-ideas_en\" target=\"_blank\" rel=\"noopener\">id\u00e9es<\/a> et des <a href=\"https:\/\/europa.eu\/new-european-bauhaus\/co-design\/co-designing-new-european-bauhaus-0\/overview-challenges_en\" target=\"_blank\" rel=\"noopener\">d\u00e9fis<\/a>.<\/p>\n<p>Le d\u00e9bat devrait aboutir \u00e0 la d\u00e9finition d&rsquo;un cadre de soutien dans le cadre des programmes europ\u00e9ens, conduisant \u00e0 des appels sp\u00e9cifiques pour des projets pilotes qui donneront une application concr\u00e8te \u00e0 la nouvelle id\u00e9e du Bauhaus.<\/p>\n<p>Ces jours-ci (16 septembre), des <a href=\"https:\/\/prizes.new-european-bauhaus.eu\/\" target=\"_blank\" rel=\"noopener\">prix sp\u00e9ciaux<\/a> sont d\u00e9cern\u00e9s <a href=\"https:\/\/prizes.new-european-bauhaus.eu\/\" target=\"_blank\" rel=\"noopener\">\u00e0 des exemples contemporains d&rsquo;excellence<\/a> qui combinent d\u00e9j\u00e0 durabilit\u00e9, qualit\u00e9 de l&rsquo;exp\u00e9rience et inclusivit\u00e9, s\u00e9lectionn\u00e9s parmi les exemples recueillis lors de la phase de conception collective. Le site permet de parcourir les exemples prim\u00e9s et finalistes, organis\u00e9s en cat\u00e9gories qui r\u00e9sument bien la vari\u00e9t\u00e9 des domaines abord\u00e9s par le nouveau Bauhaus :<\/p>\n<ul>\n<li>Techniques, mat\u00e9riaux et proc\u00e9d\u00e9s de construction et de conception<\/li>\n<li>Des b\u00e2timents r\u00e9nov\u00e9s dans un esprit de circularit\u00e9<\/li>\n<li>Solutions pour la co\u00e9volution de l&rsquo;environnement b\u00e2ti et de la nature<\/li>\n<li>Des espaces urbains et ruraux r\u00e9g\u00e9n\u00e9r\u00e9s<\/li>\n<li>Produits et mode de vie<\/li>\n<li>Un patrimoine culturel pr\u00e9serv\u00e9 et transform\u00e9<\/li>\n<li>Des lieux de rencontre et de partage r\u00e9invent\u00e9s<\/li>\n<li>Mobilisation de la culture, des arts et des communaut\u00e9s<\/li>\n<li>Solutions d&rsquo;habitation modulaires, adaptables et mobiles<\/li>\n<li>Mod\u00e8les \u00e9ducatifs interdisciplinaires<\/li>\n<\/ul>\n<p>Vous pouvez participer et acc\u00e9der \u00e0 la retransmission de l&rsquo;\u00e9v\u00e9nement <a href=\"https:\/\/prizes.new-european-bauhaus.eu\/home\" target=\"_blank\" rel=\"noopener\">via le site web<\/a>. Les diff\u00e9rents \u00e9v\u00e9nements organis\u00e9s dans le cadre du Bauhaus peuvent \u00eatre <a href=\"https:\/\/europa.eu\/new-european-bauhaus\/events_en\" target=\"_blank\" rel=\"noopener\">consult\u00e9s ici<\/a>.<\/p>\n<h2>Une s\u00e9rie de webinaires, pr\u00e8s de chez nous<\/h2>\n<p>Comme d&rsquo;autres initiatives et projets de l&rsquo;UE, le New European Bauhaus s&rsquo;installe sur nos territoires et nous implique \u00e9troitement.\nDans ce cadre, une s\u00e9rie de webinaires promus par le Comit\u00e9 national du logement social (qui compte parmi ses membres la Fondazione Sviluppo e Crescita CRT) sur les questions de logement social se tiendra les 21, 22 et 23 septembre :<\/p>\n<p><strong>\"Partenariats diffus et services de proximit\u00e9, quel avenir pour la vie en Italie ?<\/strong><\/p>\n<p>L&rsquo;objectif du webinaire est de mettre l&rsquo;accent sur les principales questions li\u00e9es \u00e0 l&rsquo;avenir de la vie en Italie, \u00e0 travers trois r\u00e9unions th\u00e9matiques :\n<strong>Public et priv\u00e9 : le partenariat qui n&rsquo;existe pas encore<\/strong>\n21 septembre 2021 (10.00-12.00) - <a href=\"https:\/\/us-east-2.protection.sophos.com?d=bit.ly&amp;u=aHR0cHM6Ly9iaXQubHkvMllqOFdJeg==&amp;i=NWVjN2EyYjk5NzE2YzgxNmU1NDUwYTI0&amp;t=NURFb3ZjdG1aOVdqazE0dUlNSVE1dkpBMDllTnp3UEI3dXRkcjJvb0V3az0=&amp;h=9a3f23f8b4e94765801b9403b3588b9a\" target=\"_blank\" rel=\"noopener\">lien d&rsquo;inscription<\/a>\n<strong>\"Territoires inclusifs et logement des jeunes en Italie. Comparaison des exp\u00e9riences et des mod\u00e8les\".<\/strong>\n22 septembre 2021 (15.00-17.00) - <a href=\"https:\/\/us-east-2.protection.sophos.com?d=bit.ly&amp;u=aHR0cHM6Ly9iaXQubHkvM2g1dWthUw==&amp;i=NWVjN2EyYjk5NzE2YzgxNmU1NDUwYTI0&amp;t=cXlQdlhma25IUGFwZlY0WUc3aU5YWGdlN1lGdDZlQS8rRjROYThJWW9LQT0=&amp;h=9a3f23f8b4e94765801b9403b3588b9a\" target=\"_blank\" rel=\"noopener\">lien d&rsquo;inscription<\/a>\n<strong>R\u00e9g\u00e9n\u00e9ration urbaine et construction communautaire. Culture, bien-\u00eatre et services autour de la vie\".<\/strong>\n23 septembre 2021 (15.00-17.00) - <a href=\"https:\/\/us-east-2.protection.sophos.com?d=bit.ly&amp;u=aHR0cHM6Ly9iaXQubHkvM2wycHhzNg==&amp;i=NWVjN2EyYjk5NzE2YzgxNmU1NDUwYTI0&amp;t=NlVDV2FKSlhOb0ZUZFJ4dHBxU1VmYUJDK290YUtSSXRSM1FFTmNHVnVJWT0=&amp;h=9a3f23f8b4e94765801b9403b3588b9a\" target=\"_blank\" rel=\"noopener\">lien d&rsquo;inscription<\/a><\/p>\n<p>Les webinaires sont disponibles en ligne gratuitement, apr\u00e8s inscription, \u00e0 partir des liens fournis.<\/p>\n<p>De plus amples informations sont disponibles sur le site web du Comit\u00e9 national pour le logement social et de la Fondazione CRT.<\/p>\n<h2>Un programme europ\u00e9en en devenir ?<\/h2>\n<p>Le nouveau Bauhaus europ\u00e9en est donc un d\u00e9bat et une plateforme qui d\u00e9bouche actuellement sur des initiatives concr\u00e8tes : une archive d&rsquo;id\u00e9es, d&rsquo;exemples et de d\u00e9fis, l&rsquo;attribution de prix pour les meilleures pratiques et une voie ouverte \u00e0 la d\u00e9finition d&rsquo;appels d\u00e9di\u00e9s.\nLeur financement peut s&rsquo;appuyer sur d&rsquo;autres programmes existants de mani\u00e8re intersectorielle ou d\u00e9boucher sur un nouveau programme sp\u00e9cifique \u00e0 court ou \u00e0 long terme. En tout \u00e9tat de cause, il s&rsquo;agit d&rsquo;une nouvelle opportunit\u00e9 dans un secteur transversal et int\u00e9ressant, qu&rsquo;il convient de suivre et d&rsquo;actualiser.<\/p>\n<p>Les webinaires du Comit\u00e9 national du logement social repr\u00e9sentent une opportunit\u00e9 concr\u00e8te de se rapprocher du d\u00e9bat et des acteurs actifs au niveau national sur ces questions. Participez largement !<\/p>\n<p>&nbsp;<\/p>\n","protected":false},"excerpt":{"rendered":"<p>Le nouveau Bauhaus europ\u00e9en est l&rsquo;une des grandes initiatives europ\u00e9ennes. D\u00e9couvrez-le avec la s\u00e9rie de webinaires du Comit\u00e9 national pour le logement social.<\/p>\n","protected":false},"author":1,"featured_media":30210,"comment_status":"open","ping_status":"open","sticky":false,"template":"","format":"standard","meta":{"_acf_changed":false,"inline_featured_image":false,"footnotes":""},"categories":[743],"tags":[],"class_list":["post-25114","post","type-post","status-publish","format-standard","has-post-thumbnail","hentry","category-archives-archives"],"acf":[],"_links":{"self":[{"href":"https:\/\/euknow.it\/fr\/wp-json\/wp\/v2\/posts\/25114","targetHints":{"allow":["GET"]}}],"collection":[{"href":"https:\/\/euknow.it\/fr\/wp-json\/wp\/v2\/posts"}],"about":[{"href":"https:\/\/euknow.it\/fr\/wp-json\/wp\/v2\/types\/post"}],"author":[{"embeddable":true,"href":"https:\/\/euknow.it\/fr\/wp-json\/wp\/v2\/users\/1"}],"replies":[{"embeddable":true,"href":"https:\/\/euknow.it\/fr\/wp-json\/wp\/v2\/comments?post=25114"}],"version-history":[{"count":0,"href":"https:\/\/euknow.it\/fr\/wp-json\/wp\/v2\/posts\/25114\/revisions"}],"wp:featuredmedia":[{"embeddable":true,"href":"https:\/\/euknow.it\/fr\/wp-json\/wp\/v2\/media\/30210"}],"wp:attachment":[{"href":"https:\/\/euknow.it\/fr\/wp-json\/wp\/v2\/media?parent=25114"}],"wp:term":[{"taxonomy":"category","embeddable":true,"href":"https:\/\/euknow.it\/fr\/wp-json\/wp\/v2\/categories?post=25114"},{"taxonomy":"post_tag","embeddable":true,"href":"https:\/\/euknow.it\/fr\/wp-json\/wp\/v2\/tags?post=25114"}],"curies":[{"name":"wp","href":"https:\/\/api.w.org\/{rel}","templated":true}]}}