{"id":41585,"date":"2026-04-29T09:15:38","date_gmt":"2026-04-29T10:15:38","guid":{"rendered":"https:\/\/euknow.it\/appels-davril-2026-life-special\/"},"modified":"2026-04-29T09:15:38","modified_gmt":"2026-04-29T10:15:38","slug":"appels-davril-2026-life-special","status":"publish","type":"post","link":"https:\/\/euknow.it\/fr\/appels-davril-2026-life-special\/","title":{"rendered":"Appels d&rsquo;avril 2026 - LIFE sp\u00e9cial"},"content":{"rendered":"<p>Voici une revue de l&rsquo;actualit\u00e9 du mois de mars, publi\u00e9e comme toujours sur notre <a href=\"https:\/\/euknow.it\/fr\/portail-des-appels-doffres\/\">portail d&rsquo;appels d&rsquo;offres<\/a>.<!--more--><\/p>\n<p>En avril, nous avons identifi\u00e9 un total de 139 nouveaux appels. La principale nouvelle du mois est l&rsquo;ouverture des appels du programme LIFE, pour lesquels des <a href=\"https:\/\/www.mase.gov.it\/portale\/life-info-days-italia-2026-online-12-13-maggio-2026-\" target=\"_blank\" rel=\"noopener\">journ\u00e9es d&rsquo;information en ligne<\/a> sont d\u00e9j\u00e0 pr\u00e9vues les 12 et 13 mai 2026. <\/p>\n<p>Outre LIFE, pour les programmes europ\u00e9ens, il y a de nombreux appels (dont beaucoup de <a href=\"https:\/\/euknow.it\/fr\/financement-en-cascade-appels-a-propositions-flexibles-pour-les-fonds-europeens\/\">financements en cascade<\/a>) pour l&rsquo;Europe num\u00e9rique, et il y a quelques nouveaut\u00e9s pour le programme du march\u00e9 unique, Europe cr\u00e9ative et le CERV. Bien que moins nombreux, les fonds structurels et ruraux sont \u00e9galement \u00e0 l&rsquo;honneur. <\/p>\n<h2>Programmes europ\u00e9ens<\/h2>\n<ul>\n<li>Programme LIFE : 29 appels sur le changement climatique, l&rsquo;\u00e9conomie circulaire et la transition \u00e9nerg\u00e9tique<\/li>\n<li>Europe num\u00e9rique : 23 nouveaux appels sur l&rsquo;\u00e9ducation et les comp\u00e9tences num\u00e9riques, l&rsquo;IA et la sant\u00e9, la d\u00e9sinformation, les infrastructures et l&rsquo;innovation<\/li>\n<li>Programme du march\u00e9 unique : 2 nouveaux appels sur les technologies \u00e0 z\u00e9ro \u00e9mission ;<\/li>\n<li>Europe cr\u00e9ative : 3 nouveaux appels dans le domaine du cin\u00e9ma ; Citoyens, \u00e9galit\u00e9, droits et valeurs : un nouvel appel pour les organisations de la soci\u00e9t\u00e9 civile<\/li>\n<\/ul>\n<p>Outre les appels signal\u00e9s, nous vous invitons \u00e0 consulter <a href=\"https:\/\/euknow.it\/fr\/lagenda-2026-pour-le-design-europeen\/\">notre Agenda 2026<\/a> pour un aper\u00e7u des publications d&rsquo;appels europ\u00e9ens dans les mois \u00e0 venir.<\/p>\n<h2>Fonds structurels<\/h2>\n<p>Nous avons re\u00e7u 48 nouveaux appels d&rsquo;offres :<\/p>\n<ul>\n<li>Abruzzes (1), pour l&rsquo;audiovisuel ;<\/li>\n<li>Basilicata (4), pour l&rsquo;enfance, les bourses, l&rsquo;enseignement technique sup\u00e9rieur ;<\/li>\n<li>Calabre (2), pour soutenir les victimes de l&rsquo;usure, comp\u00e9tences linguistiques ;<\/li>\n<li>Emilia Romagna (5), pour les technologies strat\u00e9giques, la recherche et le d\u00e9veloppement, les ind\u00e9pendants, le handicap, les colonies de vacances ;<\/li>\n<li>Lazio (7), pour l&rsquo;\u00e9conomie circulaire, l&rsquo;internationalisation, l&rsquo;entrepreneuriat f\u00e9minin, le sport, les services sociaux et \u00e9ducatifs ;<\/li>\n<li>Ligurie (1), pour l&rsquo;enseignement technologique sup\u00e9rieur ;<\/li>\n<li>Lombardie (2), pour les comp\u00e9tences et l&rsquo;innovation, le b\u00e9n\u00e9volat et le troisi\u00e8me secteur ;<\/li>\n<li>Marche (1), pour des bourses de doctorat ;<\/li>\n<li>P.A. Bolzano (1), par profession ;<\/li>\n<li>Piedmont (4), pour les projets de cha\u00eene d&rsquo;approvisionnement int\u00e9gr\u00e9e, le cin\u00e9ma, la transition num\u00e9rique, l&rsquo;enseignement sup\u00e9rieur ;<\/li>\n<li>Sardaigne (3), pour des investissements, la construction d&rsquo;\u00e9coles, l&#8217;emploi de ressortissants de pays tiers ;<\/li>\n<li>Sicile (6), pour les infrastructures \u00e9nerg\u00e9tiques, l&rsquo;inclusion sociale, l&rsquo;auto-entreprenariat, la recherche, l&#8217;emploi, l&rsquo;\u00e9ducation et la formation professionnelle ;<\/li>\n<li>Toscane (9), pour les services \u00e9ducatifs, la lutte contre la violence, le d\u00e9crochage scolaire, la formation, l&#8217;emploi des jeunes, les stages transnationaux, l&rsquo;enseignement obligatoire, l&rsquo;int\u00e9gration ;<\/li>\n<li>Ombrie (1), pour le r\u00e9am\u00e9nagement de sites culturels ;<\/li>\n<li>Valle d&rsquo;Aosta (1), pour les stages \u00e0 l&rsquo;\u00e9tranger.<\/li>\n<\/ul>\n<p>En outre, il existe un appel dans le cadre du <strong>programme Capacit\u00e9s de coh\u00e9sion<\/strong> pour les experts territoriaux, un appel du <strong>programme \u00c9cole et comp\u00e9tences<\/strong> concernant la num\u00e9risation, et un appel national du <strong>Fonds asile, migration et int\u00e9gration<\/strong> pour l&rsquo;insertion professionnelle des femmes migrantes.<\/p>\n<h2>Fonds ruraux<\/h2>\n<p>En mars, 30 nouveaux avis ont \u00e9t\u00e9 publi\u00e9s dans 8 r\u00e9gions. En  <strong>Emilia Romagna<\/strong> 2 avis sur la comp\u00e9titivit\u00e9 agricole, les vergers r\u00e9silients, l&rsquo;installation de jeunes agriculteurs ; en <strong>Ligurie<\/strong> 1 avis sur l&rsquo;\u00e9levage ; en <strong>Lombardie<\/strong> 5 nouveaux avis sur les zones humides, la sylviculture, les syst\u00e8mes agro-forestiers, la pr\u00e9vention des dommages caus\u00e9s par les catastrophes naturelles et les \u00e9v\u00e9nements climatiques ; en <strong>Marche<\/strong> 3 avis sur les zones de montagne, le tourisme et les produits typiques, l&rsquo;agrobiodiversit\u00e9 ; en <strong>P.<\/strong> A. Trento 5 avis sur les zones de montagne, la gestion des prairies et des p\u00e2turages, la biodiversit\u00e9, la production biologique ; dans le <strong>Pi\u00e9mont<\/strong> 10 nouveaux avis sur l&rsquo;arboriculture, les syst\u00e8mes forestiers, les r\u00e9gimes de qualit\u00e9, les zones de montagne, l&rsquo;agriculture biologique, la biodiversit\u00e9 ; dans le Pi\u00e9mont 10 nouveaux avis sur l&rsquo;arboriculture, les syst\u00e8mes forestiers, les r\u00e9gimes de qualit\u00e9, les zones de montagne, l&rsquo;agriculture biologique, la biodiversit\u00e9. <strong>A de Trento<\/strong> 5 appels sur les zones de montagne, la gestion des prairies et des p\u00e2turages, la biodiversit\u00e9, la production biologique ; dans le <strong>Pi\u00e9mont<\/strong> 10 nouveaux appels sur l&rsquo;arboriculture, les syst\u00e8mes forestiers, les r\u00e9gimes de qualit\u00e9, les zones de montagne, l&rsquo;agriculture biologique, les \u00e9leveurs de porcs ; en <strong>Toscane<\/strong> 1 appel pour les jeunes agriculteurs ; en <strong>Ombrie<\/strong> 3 nouveaux appels pour l&rsquo;entretien et la perte de revenus.   <\/p>\n<h2>Autres mises \u00e0 jour<\/h2>\n<p>Nous avons mis \u00e0 jour la date limite de 13 appels, principalement dans la zone rurale.<\/p>\n<p>Nous aimerions vous rappeler, comme toujours, que de nombreux appels pr\u00e9sent\u00e9s dans nos revues pr\u00e9c\u00e9dentes sont toujours ouverts et peuvent \u00eatre consult\u00e9s via notre <a href=\"https:\/\/euknow.it\/fr\/portail-des-appels-doffres\/\">portail d&rsquo;appels.<\/a><\/p>\n<p>Pour obtenir les informations les plus r\u00e9centes et les plus compl\u00e8tes, nous vous recommandons \u00e9galement de consulter les sites web officiels.<\/p>\n","protected":false},"excerpt":{"rendered":"<p>Voici une revue de l&rsquo;actualit\u00e9 du mois de mars, publi\u00e9e comme toujours sur notre portail d&rsquo;appels d&rsquo;offres.<\/p>\n","protected":false},"author":10,"featured_media":41586,"comment_status":"closed","ping_status":"open","sticky":false,"template":"","format":"standard","meta":{"_acf_changed":false,"inline_featured_image":false,"footnotes":""},"categories":[2197,743],"tags":[2400,2401],"class_list":["post-41585","post","type-post","status-publish","format-standard","has-post-thumbnail","hentry","category-archives-actualites","category-archives-archives","tag-avis","tag-opportunites"],"acf":[],"_links":{"self":[{"href":"https:\/\/euknow.it\/fr\/wp-json\/wp\/v2\/posts\/41585","targetHints":{"allow":["GET"]}}],"collection":[{"href":"https:\/\/euknow.it\/fr\/wp-json\/wp\/v2\/posts"}],"about":[{"href":"https:\/\/euknow.it\/fr\/wp-json\/wp\/v2\/types\/post"}],"author":[{"embeddable":true,"href":"https:\/\/euknow.it\/fr\/wp-json\/wp\/v2\/users\/10"}],"replies":[{"embeddable":true,"href":"https:\/\/euknow.it\/fr\/wp-json\/wp\/v2\/comments?post=41585"}],"version-history":[{"count":0,"href":"https:\/\/euknow.it\/fr\/wp-json\/wp\/v2\/posts\/41585\/revisions"}],"wp:featuredmedia":[{"embeddable":true,"href":"https:\/\/euknow.it\/fr\/wp-json\/wp\/v2\/media\/41586"}],"wp:attachment":[{"href":"https:\/\/euknow.it\/fr\/wp-json\/wp\/v2\/media?parent=41585"}],"wp:term":[{"taxonomy":"category","embeddable":true,"href":"https:\/\/euknow.it\/fr\/wp-json\/wp\/v2\/categories?post=41585"},{"taxonomy":"post_tag","embeddable":true,"href":"https:\/\/euknow.it\/fr\/wp-json\/wp\/v2\/tags?post=41585"}],"curies":[{"name":"wp","href":"https:\/\/api.w.org\/{rel}","templated":true}]}}